{"id":9260,"date":"2025-03-03T13:00:11","date_gmt":"2025-03-03T12:00:11","guid":{"rendered":"https:\/\/discoversoller.com\/?p=9260"},"modified":"2025-03-03T17:56:35","modified_gmt":"2025-03-03T16:56:35","slug":"marzo-en-mallorca","status":"publish","type":"post","link":"https:\/\/discoversoller.com\/es\/marzo-en-mallorca\/","title":{"rendered":"Marzo en Mallorca"},"content":{"rendered":"\t\t<div data-elementor-type=\"wp-post\" data-elementor-id=\"9260\" class=\"elementor elementor-9260 elementor-9194\" data-elementor-post-type=\"post\">\n\t\t\t\t<div class=\"elementor-element elementor-element-2af7472 e-flex e-con-boxed wpr-particle-no wpr-jarallax-no wpr-parallax-no wpr-sticky-section-no wpr-equal-height-no e-con e-parent\" data-id=\"2af7472\" data-element_type=\"container\" data-e-type=\"container\">\n\t\t\t\t\t<div class=\"e-con-inner\">\n\t\t\t\t<div class=\"elementor-element elementor-element-ea2f142 elementor-widget elementor-widget-text-editor\" data-id=\"ea2f142\" data-element_type=\"widget\" data-e-type=\"widget\" data-widget_type=\"text-editor.default\">\n\t\t\t\t<div class=\"elementor-widget-container\">\n\t\t\t\t\t\t\t\t\t<p data-pm-slice=\"1 1 []\">Marzo en Mallorca marca la llegada de la <strong>primavera<\/strong>, trayendo temperaturas m\u00e1s c\u00e1lidas, m\u00e1s horas de luz y los primeros indicios de la vibrante belleza natural de la isla. Es el momento ideal para aquellos que buscan una escapada tranquila antes de que comience la ajetreada temporada de verano. Con eventos culturales, actividades al aire libre e impresionantes paisajes, marzo ofrece una oportunidad \u00fanica para vivir Mallorca en un entorno m\u00e1s aut\u00e9ntico y tranquilo.  <\/p>\t\t\t\t\t\t\t\t<\/div>\n\t\t\t\t<\/div>\n\t\t\t\t\t<\/div>\n\t\t\t\t<\/div>\n\t\t<div class=\"elementor-element elementor-element-5864436 e-flex e-con-boxed wpr-particle-no wpr-jarallax-no wpr-parallax-no wpr-sticky-section-no wpr-equal-height-no e-con e-parent\" data-id=\"5864436\" data-element_type=\"container\" data-e-type=\"container\">\n\t\t\t\t\t<div class=\"e-con-inner\">\n\t\t<div class=\"elementor-element elementor-element-17e6913 e-con-full e-flex wpr-particle-no wpr-jarallax-no wpr-parallax-no wpr-sticky-section-no wpr-equal-height-no e-con e-child\" data-id=\"17e6913\" data-element_type=\"container\" data-e-type=\"container\">\n\t\t\t\t<div class=\"elementor-element elementor-element-495538e elementor-widget elementor-widget-text-editor\" data-id=\"495538e\" data-element_type=\"widget\" data-e-type=\"widget\" data-widget_type=\"text-editor.default\">\n\t\t\t\t<div class=\"elementor-widget-container\">\n\t\t\t\t\t\t\t\t\t<h3 style=\"text-align: center;\" data-pm-slice=\"1 1 []\"><strong>\u00bfPor qu\u00e9 visitar Mallorca en marzo?<\/strong><\/h3><p style=\"text-align: center;\">A medida que <a href=\"https:\/\/discoversoller.com\/es\/febrero-en-mallorca\/\" target=\"_blank\" rel=\"noopener\">febrero <\/a>se desvanece, marzo trae consigo un notable cambio en el clima de Mallorca. Los d\u00edas son m\u00e1s largos, el sol es m\u00e1s frecuente y las temperaturas suben hasta unos agradables 18\u00b0C. Las precipitaciones son menores que en meses anteriores, lo que hace m\u00e1s agradables las actividades al aire libre. Aunque pueden aparecer nubes o lloviznas ocasionales, el tiempo en general es suave.   <\/p>\t\t\t\t\t\t\t\t<\/div>\n\t\t\t\t<\/div>\n\t\t\t\t<\/div>\n\t\t<div class=\"elementor-element elementor-element-aa4425c e-con-full e-flex wpr-particle-no wpr-jarallax-no wpr-parallax-no wpr-sticky-section-no wpr-equal-height-no e-con e-child\" data-id=\"aa4425c\" data-element_type=\"container\" data-e-type=\"container\">\n\t\t\t\t<div class=\"elementor-element elementor-element-ad2ce67 elementor-widget elementor-widget-image\" data-id=\"ad2ce67\" data-element_type=\"widget\" data-e-type=\"widget\" data-widget_type=\"image.default\">\n\t\t\t\t<div class=\"elementor-widget-container\">\n\t\t\t\t\t\t\t\t\t\t\t\t\t\t\t<img fetchpriority=\"high\" decoding=\"async\" width=\"600\" height=\"900\" src=\"https:\/\/discoversoller.com\/wp-content\/uploads\/2025\/03\/Port-de-Soller-in-March.jpg\" class=\"attachment-large size-large wp-image-9202\" alt=\"Port de Soller Mallorca\" srcset=\"https:\/\/discoversoller.com\/wp-content\/uploads\/2025\/03\/Port-de-Soller-in-March.jpg 600w, https:\/\/discoversoller.com\/wp-content\/uploads\/2025\/03\/Port-de-Soller-in-March-200x300.jpg 200w\" sizes=\"(max-width: 600px) 100vw, 600px\" \/>\t\t\t\t\t\t\t\t\t\t\t\t\t\t\t<\/div>\n\t\t\t\t<\/div>\n\t\t\t\t<\/div>\n\t\t\t\t\t<\/div>\n\t\t\t\t<\/div>\n\t\t<div class=\"elementor-element elementor-element-a0c8627 e-flex e-con-boxed wpr-particle-no wpr-jarallax-no wpr-parallax-no wpr-sticky-section-no wpr-equal-height-no e-con e-parent\" data-id=\"a0c8627\" data-element_type=\"container\" data-e-type=\"container\">\n\t\t\t\t\t<div class=\"e-con-inner\">\n\t\t\t\t<div class=\"elementor-element elementor-element-1093961 elementor-widget elementor-widget-text-editor\" data-id=\"1093961\" data-element_type=\"widget\" data-e-type=\"widget\" data-widget_type=\"text-editor.default\">\n\t\t\t\t<div class=\"elementor-widget-container\">\n\t\t\t\t\t\t\t\t\t<article class=\"w-full text-token-text-primary focus-visible:outline-2 focus-visible:outline-offset-[-4px]\" dir=\"auto\" data-testid=\"conversation-turn-419\" data-scroll-anchor=\"true\"><div class=\"m-auto text-base py-[18px] px-6\"><div class=\"mx-auto flex flex-1 text-base gap-4 md:gap-5 lg:gap-6 md:max-w-3xl\"><div class=\"group\/conversation-turn relative flex w-full min-w-0 flex-col agent-turn @xs\/thread:px-0 @sm\/thread:px-1.5 @md\/thread:px-4\"><div class=\"flex-col gap-1 md:gap-3\"><div class=\"flex max-w-full flex-col flex-grow\"><div class=\"min-h-8 text-message relative flex w-full flex-col items-end gap-2 whitespace-normal break-words text-start [.text-message+&amp;]:mt-5\" dir=\"auto\" data-message-author-role=\"assistant\" data-message-id=\"98d36e30-6d03-4097-87a2-40a3edbd7669\" data-message-model-slug=\"gpt-4o\"><div class=\"flex w-full flex-col gap-1 empty:hidden first:pt-[3px]\"><div class=\"markdown prose w-full break-words dark:prose-invert light\"><h3 style=\"text-align: center;\" data-start=\"27\" data-end=\"75\"><strong data-start=\"27\" data-end=\"75\" data-is-last-node=\"\">Festivales de Mallorca en marzo<\/strong><\/h3><\/div><\/div><\/div><\/div><\/div><\/div><\/div><\/div><\/article><p>El mes de marzo en Mallorca est\u00e1 repleto de festividades culturales que dan vida a las tradiciones de la isla. Desde ferias hist\u00f3ricas hasta animadas celebraciones callejeras, los visitantes pueden disfrutar de la artesan\u00eda, la m\u00fasica y la gastronom\u00eda locales mientras experimentan el vibrante patrimonio de la isla. <\/p>\t\t\t\t\t\t\t\t<\/div>\n\t\t\t\t<\/div>\n\t\t\t\t\t<\/div>\n\t\t\t\t<\/div>\n\t\t<div class=\"elementor-element elementor-element-ff7eb4a e-flex e-con-boxed wpr-particle-no wpr-jarallax-no wpr-parallax-no wpr-sticky-section-no wpr-equal-height-no e-con e-parent\" data-id=\"ff7eb4a\" data-element_type=\"container\" data-e-type=\"container\">\n\t\t\t\t\t<div class=\"e-con-inner\">\n\t\t<div class=\"elementor-element elementor-element-9527899 e-con-full e-flex wpr-particle-no wpr-jarallax-no wpr-parallax-no wpr-sticky-section-no wpr-equal-height-no e-con e-child\" data-id=\"9527899\" data-element_type=\"container\" data-e-type=\"container\">\n\t\t\t\t<div class=\"elementor-element elementor-element-a99803d elementor-widget elementor-widget-text-editor\" data-id=\"a99803d\" data-element_type=\"widget\" data-e-type=\"widget\" data-widget_type=\"text-editor.default\">\n\t\t\t\t<div class=\"elementor-widget-container\">\n\t\t\t\t\t\t\t\t\t<h3 style=\"text-align: center;\" data-pm-slice=\"1 1 []\"><span style=\"color: #c0a16b;\"><strong>D\u00eda de Baleares<\/strong><\/span><\/h3><p data-pm-slice=\"1 1 []\">El 1 de marzo se celebra el <strong>D\u00eda de las Islas Baleares<\/strong>, festividad que conmemora la autonom\u00eda de este archipi\u00e9lago. En toda la isla, los visitantes pueden disfrutar de mercadillos, m\u00fasica en directo, bailes tradicionales y ferias gastron\u00f3micas. Palma, la capital de la isla, es el epicentro de las celebraciones, y ofrece desde puestos de artesan\u00eda hasta delicias locales como la sobrasada y las ensaimadas.  <\/p>\t\t\t\t\t\t\t\t<\/div>\n\t\t\t\t<\/div>\n\t\t\t\t<\/div>\n\t\t<div class=\"elementor-element elementor-element-ec04b23 e-con-full e-flex wpr-particle-no wpr-jarallax-no wpr-parallax-no wpr-sticky-section-no wpr-equal-height-no e-con e-child\" data-id=\"ec04b23\" data-element_type=\"container\" data-e-type=\"container\">\n\t\t\t\t<div class=\"elementor-element elementor-element-57cae8d elementor-widget elementor-widget-gallery\" data-id=\"57cae8d\" data-element_type=\"widget\" data-e-type=\"widget\" data-settings=\"{&quot;columns&quot;:1,&quot;gap&quot;:{&quot;unit&quot;:&quot;px&quot;,&quot;size&quot;:1,&quot;sizes&quot;:[]},&quot;aspect_ratio&quot;:&quot;16:9&quot;,&quot;lazyload&quot;:&quot;yes&quot;,&quot;gallery_layout&quot;:&quot;grid&quot;,&quot;columns_tablet&quot;:2,&quot;columns_mobile&quot;:1,&quot;gap_tablet&quot;:{&quot;unit&quot;:&quot;px&quot;,&quot;size&quot;:10,&quot;sizes&quot;:[]},&quot;gap_mobile&quot;:{&quot;unit&quot;:&quot;px&quot;,&quot;size&quot;:10,&quot;sizes&quot;:[]},&quot;overlay_background&quot;:&quot;yes&quot;,&quot;content_hover_animation&quot;:&quot;fade-in&quot;}\" data-widget_type=\"gallery.default\">\n\t\t\t\t<div class=\"elementor-widget-container\">\n\t\t\t\t\t\t\t<div class=\"elementor-gallery__container\">\n\t\t\t\t\t\t\t<div class=\"e-gallery-item elementor-gallery-item elementor-animated-content\">\n\t\t\t\t\t<div class=\"e-gallery-image elementor-gallery-item__image\" data-thumbnail=\"https:\/\/discoversoller.com\/wp-content\/uploads\/2025\/03\/Dia-de-les-Illes-Balears-1024x683.jpeg\" data-width=\"1024\" data-height=\"683\" aria-label=\"Dia de les Illes Balears\" role=\"img\" ><\/div>\n\t\t\t\t\t\t\t\t\t\t\t<div class=\"elementor-gallery-item__overlay\"><\/div>\n\t\t\t\t\t\t\t\t\t\t\t\t\t\t<\/div>\n\t\t\t\t\t\t\t<div class=\"e-gallery-item elementor-gallery-item elementor-animated-content\">\n\t\t\t\t\t<div class=\"e-gallery-image elementor-gallery-item__image\" data-thumbnail=\"https:\/\/discoversoller.com\/wp-content\/uploads\/2025\/03\/Dia-de-les-Illes-Balears-1024x724.jpg\" data-width=\"1024\" data-height=\"724\" aria-label=\"Dia de les Illes Balears\" role=\"img\" ><\/div>\n\t\t\t\t\t\t\t\t\t\t\t<div class=\"elementor-gallery-item__overlay\"><\/div>\n\t\t\t\t\t\t\t\t\t\t\t\t\t\t<\/div>\n\t\t\t\t\t\t\t<div class=\"e-gallery-item elementor-gallery-item elementor-animated-content\">\n\t\t\t\t\t<div class=\"e-gallery-image elementor-gallery-item__image\" data-thumbnail=\"https:\/\/discoversoller.com\/wp-content\/uploads\/2025\/03\/Dia-de-les-Illes-Balears-Discover-Soller.jpg\" data-width=\"940\" data-height=\"564\" aria-label=\"Dia de les Illes Balears\" role=\"img\" ><\/div>\n\t\t\t\t\t\t\t\t\t\t\t<div class=\"elementor-gallery-item__overlay\"><\/div>\n\t\t\t\t\t\t\t\t\t\t\t\t\t\t<\/div>\n\t\t\t\t\t<\/div>\n\t\t\t\t\t<\/div>\n\t\t\t\t<\/div>\n\t\t\t\t<\/div>\n\t\t\t\t\t<\/div>\n\t\t\t\t<\/div>\n\t\t<div class=\"elementor-element elementor-element-794d04a e-flex e-con-boxed wpr-particle-no wpr-jarallax-no wpr-parallax-no wpr-sticky-section-no wpr-equal-height-no e-con e-parent\" data-id=\"794d04a\" data-element_type=\"container\" data-e-type=\"container\">\n\t\t\t\t\t<div class=\"e-con-inner\">\n\t\t<div class=\"elementor-element elementor-element-9b6ed16 e-con-full e-flex wpr-particle-no wpr-jarallax-no wpr-parallax-no wpr-sticky-section-no wpr-equal-height-no e-con e-child\" data-id=\"9b6ed16\" data-element_type=\"container\" data-e-type=\"container\">\n\t\t\t\t<div class=\"elementor-element elementor-element-611ded7 elementor-widget elementor-widget-gallery\" data-id=\"611ded7\" data-element_type=\"widget\" data-e-type=\"widget\" data-settings=\"{&quot;columns&quot;:1,&quot;gap&quot;:{&quot;unit&quot;:&quot;px&quot;,&quot;size&quot;:1,&quot;sizes&quot;:[]},&quot;lazyload&quot;:&quot;yes&quot;,&quot;gallery_layout&quot;:&quot;grid&quot;,&quot;columns_tablet&quot;:2,&quot;columns_mobile&quot;:1,&quot;gap_tablet&quot;:{&quot;unit&quot;:&quot;px&quot;,&quot;size&quot;:10,&quot;sizes&quot;:[]},&quot;gap_mobile&quot;:{&quot;unit&quot;:&quot;px&quot;,&quot;size&quot;:10,&quot;sizes&quot;:[]},&quot;aspect_ratio&quot;:&quot;3:2&quot;,&quot;overlay_background&quot;:&quot;yes&quot;,&quot;content_hover_animation&quot;:&quot;fade-in&quot;}\" data-widget_type=\"gallery.default\">\n\t\t\t\t<div class=\"elementor-widget-container\">\n\t\t\t\t\t\t\t<div class=\"elementor-gallery__container\">\n\t\t\t\t\t\t\t<div class=\"e-gallery-item elementor-gallery-item elementor-animated-content\">\n\t\t\t\t\t<div class=\"e-gallery-image elementor-gallery-item__image\" data-thumbnail=\"https:\/\/discoversoller.com\/wp-content\/uploads\/2025\/03\/Fira-de-la-Fang-Marratxi-1024x576.jpg\" data-width=\"1024\" data-height=\"576\" aria-label=\"\" role=\"img\" ><\/div>\n\t\t\t\t\t\t\t\t\t\t\t<div class=\"elementor-gallery-item__overlay\"><\/div>\n\t\t\t\t\t\t\t\t\t\t\t\t\t\t<\/div>\n\t\t\t\t\t\t\t<div class=\"e-gallery-item elementor-gallery-item elementor-animated-content\">\n\t\t\t\t\t<div class=\"e-gallery-image elementor-gallery-item__image\" data-thumbnail=\"https:\/\/discoversoller.com\/wp-content\/uploads\/2025\/03\/Fira-del-Fang-Mallorca-Discover-Soller.jpg\" data-width=\"541\" data-height=\"607\" aria-label=\"\" role=\"img\" ><\/div>\n\t\t\t\t\t\t\t\t\t\t\t<div class=\"elementor-gallery-item__overlay\"><\/div>\n\t\t\t\t\t\t\t\t\t\t\t\t\t\t<\/div>\n\t\t\t\t\t\t\t<div class=\"e-gallery-item elementor-gallery-item elementor-animated-content\">\n\t\t\t\t\t<div class=\"e-gallery-image elementor-gallery-item__image\" data-thumbnail=\"https:\/\/discoversoller.com\/wp-content\/uploads\/2025\/03\/Fira-del-Fang-Marrati.png\" data-width=\"796\" data-height=\"870\" aria-label=\"Fira del Fang Marratxi\" role=\"img\" ><\/div>\n\t\t\t\t\t\t\t\t\t\t\t<div class=\"elementor-gallery-item__overlay\"><\/div>\n\t\t\t\t\t\t\t\t\t\t\t\t\t\t<\/div>\n\t\t\t\t\t<\/div>\n\t\t\t\t\t<\/div>\n\t\t\t\t<\/div>\n\t\t\t\t<\/div>\n\t\t<div class=\"elementor-element elementor-element-ada2ae8 e-con-full e-flex wpr-particle-no wpr-jarallax-no wpr-parallax-no wpr-sticky-section-no wpr-equal-height-no e-con e-child\" data-id=\"ada2ae8\" data-element_type=\"container\" data-e-type=\"container\">\n\t\t\t\t<div class=\"elementor-element elementor-element-74eddf2 elementor-widget elementor-widget-text-editor\" data-id=\"74eddf2\" data-element_type=\"widget\" data-e-type=\"widget\" data-widget_type=\"text-editor.default\">\n\t\t\t\t<div class=\"elementor-widget-container\">\n\t\t\t\t\t\t\t\t\t<h3 style=\"text-align: center;\" data-pm-slice=\"1 1 []\"><span style=\"color: #c0a16b;\"><strong>Fira del Fang &#8211; Feria de Cer\u00e1mica de Marratx\u00ed<\/strong><\/span><\/h3><p>En marzo destaca la <strong>Fira del Fang (Feria de la Cer\u00e1mica)<\/strong> de Marratx\u00ed, localidad conocida como la capital de la cer\u00e1mica de Mallorca. En este evento se exhibe cer\u00e1mica hecha a mano por artesanos locales e internacionales. Los visitantes pueden echar un vistazo a hermosas cer\u00e1micas, ver demostraciones en directo e incluso participar en talleres de alfarer\u00eda. Es una excelente oportunidad para llevarse a casa un recuerdo \u00fanico a la vez que se apoya la artesan\u00eda local.   <\/p>\t\t\t\t\t\t\t\t<\/div>\n\t\t\t\t<\/div>\n\t\t\t\t<\/div>\n\t\t\t\t\t<\/div>\n\t\t\t\t<\/div>\n\t\t<div class=\"elementor-element elementor-element-7e8b8ee e-flex e-con-boxed wpr-particle-no wpr-jarallax-no wpr-parallax-no wpr-sticky-section-no wpr-equal-height-no e-con e-parent\" data-id=\"7e8b8ee\" data-element_type=\"container\" data-e-type=\"container\">\n\t\t\t\t\t<div class=\"e-con-inner\">\n\t\t<div class=\"elementor-element elementor-element-578a0bc e-con-full e-flex wpr-particle-no wpr-jarallax-no wpr-parallax-no wpr-sticky-section-no wpr-equal-height-no e-con e-child\" data-id=\"578a0bc\" data-element_type=\"container\" data-e-type=\"container\">\n\t\t\t\t<div class=\"elementor-element elementor-element-53437cc elementor-widget elementor-widget-text-editor\" data-id=\"53437cc\" data-element_type=\"widget\" data-e-type=\"widget\" data-widget_type=\"text-editor.default\">\n\t\t\t\t<div class=\"elementor-widget-container\">\n\t\t\t\t\t\t\t\t\t<h3 style=\"text-align: center;\" data-pm-slice=\"1 1 []\"><span style=\"color: #c0a16b;\"><strong>Fira del Ram &#8211; Feria de Primavera de Mallorca<\/strong><\/span><\/h3><p>Si busca diversi\u00f3n para toda la familia, la <strong>Fira del Ram<\/strong> de Palma es una visita obligada. Esta feria anual, que se celebra desde principios de marzo hasta mediados de abril, cuenta con emocionantes atracciones, puestos de juegos y vendedores de comida. Desde emocionantes monta\u00f1as rusas hasta carruseles cl\u00e1sicos, ofrece diversi\u00f3n para todas las edades. La feria es especialmente animada por las noches, con luces brillantes y un ambiente festivo que la convierten en uno de los acontecimientos primaverales m\u00e1s esperados.   <\/p>\t\t\t\t\t\t\t\t<\/div>\n\t\t\t\t<\/div>\n\t\t\t\t<\/div>\n\t\t<div class=\"elementor-element elementor-element-e1f2b8e e-con-full e-flex wpr-particle-no wpr-jarallax-no wpr-parallax-no wpr-sticky-section-no wpr-equal-height-no e-con e-child\" data-id=\"e1f2b8e\" data-element_type=\"container\" data-e-type=\"container\">\n\t\t\t\t<div class=\"elementor-element elementor-element-99c6ef3 elementor-widget elementor-widget-gallery\" data-id=\"99c6ef3\" data-element_type=\"widget\" data-e-type=\"widget\" data-settings=\"{&quot;columns&quot;:1,&quot;gap&quot;:{&quot;unit&quot;:&quot;px&quot;,&quot;size&quot;:1,&quot;sizes&quot;:[]},&quot;lazyload&quot;:&quot;yes&quot;,&quot;gallery_layout&quot;:&quot;grid&quot;,&quot;columns_tablet&quot;:2,&quot;columns_mobile&quot;:1,&quot;gap_tablet&quot;:{&quot;unit&quot;:&quot;px&quot;,&quot;size&quot;:10,&quot;sizes&quot;:[]},&quot;gap_mobile&quot;:{&quot;unit&quot;:&quot;px&quot;,&quot;size&quot;:10,&quot;sizes&quot;:[]},&quot;aspect_ratio&quot;:&quot;3:2&quot;,&quot;overlay_background&quot;:&quot;yes&quot;,&quot;content_hover_animation&quot;:&quot;fade-in&quot;}\" data-widget_type=\"gallery.default\">\n\t\t\t\t<div class=\"elementor-widget-container\">\n\t\t\t\t\t\t\t<div class=\"elementor-gallery__container\">\n\t\t\t\t\t\t\t<div class=\"e-gallery-item elementor-gallery-item elementor-animated-content\">\n\t\t\t\t\t<div class=\"e-gallery-image elementor-gallery-item__image\" data-thumbnail=\"https:\/\/discoversoller.com\/wp-content\/uploads\/2025\/03\/Fira-del-Ram-Palma-Wheel.jpg\" data-width=\"844\" data-height=\"831\" aria-label=\"Feria del Ram in Palma\" role=\"img\" ><\/div>\n\t\t\t\t\t\t\t\t\t\t\t<div class=\"elementor-gallery-item__overlay\"><\/div>\n\t\t\t\t\t\t\t\t\t\t\t\t\t\t<\/div>\n\t\t\t\t\t\t\t<div class=\"e-gallery-item elementor-gallery-item elementor-animated-content\">\n\t\t\t\t\t<div class=\"e-gallery-image elementor-gallery-item__image\" data-thumbnail=\"https:\/\/discoversoller.com\/wp-content\/uploads\/2025\/03\/Fira-del-Ram-Palma.jpg\" data-width=\"680\" data-height=\"803\" aria-label=\"\" role=\"img\" ><\/div>\n\t\t\t\t\t\t\t\t\t\t\t<div class=\"elementor-gallery-item__overlay\"><\/div>\n\t\t\t\t\t\t\t\t\t\t\t\t\t\t<\/div>\n\t\t\t\t\t\t\t<div class=\"e-gallery-item elementor-gallery-item elementor-animated-content\">\n\t\t\t\t\t<div class=\"e-gallery-image elementor-gallery-item__image\" data-thumbnail=\"https:\/\/discoversoller.com\/wp-content\/uploads\/2025\/03\/Fira-del-Ram.jpg\" data-width=\"677\" data-height=\"842\" aria-label=\"Fira del Ram Palma de Mallorca\" role=\"img\" ><\/div>\n\t\t\t\t\t\t\t\t\t\t\t<div class=\"elementor-gallery-item__overlay\"><\/div>\n\t\t\t\t\t\t\t\t\t\t\t\t\t\t<\/div>\n\t\t\t\t\t<\/div>\n\t\t\t\t\t<\/div>\n\t\t\t\t<\/div>\n\t\t\t\t<\/div>\n\t\t\t\t\t<\/div>\n\t\t\t\t<\/div>\n\t\t<div class=\"elementor-element elementor-element-a4b5e98 e-flex e-con-boxed wpr-particle-no wpr-jarallax-no wpr-parallax-no wpr-sticky-section-no wpr-equal-height-no e-con e-parent\" data-id=\"a4b5e98\" data-element_type=\"container\" data-e-type=\"container\">\n\t\t\t\t\t<div class=\"e-con-inner\">\n\t\t\t\t<div class=\"elementor-element elementor-element-224e77a elementor-widget elementor-widget-text-editor\" data-id=\"224e77a\" data-element_type=\"widget\" data-e-type=\"widget\" data-widget_type=\"text-editor.default\">\n\t\t\t\t<div class=\"elementor-widget-container\">\n\t\t\t\t\t\t\t\t\t<h3 style=\"text-align: center;\" data-pm-slice=\"1 1 []\"><strong>Aventuras al aire libre y paisajes en flor<\/strong><\/h3><p>Marzo es el mes perfecto para los amantes de las actividades al aire libre. Las temperaturas m\u00e1s frescas y los exuberantes paisajes verdes hacen del senderismo en la <strong>Serra de Tramuntana<\/strong> una experiencia inolvidable. Senderos populares como el <strong>Puig de Galatz\u00f3<\/strong> o el <strong>Barranc de Biniaraix<\/strong> en <a href=\"https:\/\/discoversoller.com\/es\/soller\/\">S\u00f3ller <\/a>ofrecen unas vistas impresionantes y la oportunidad de contemplar la flora de la isla en plena floraci\u00f3n. Adem\u00e1s, la temporada de floraci\u00f3n de los almendros, que comienza en febrero, suele prolongarse hasta principios de marzo, creando pintorescos paisajes por todo el campo.   <\/p><p>Para los entusiastas del ciclismo, las carreteras en buen estado y las desafiantes rutas de monta\u00f1a de la isla constituyen un excelente campo de entrenamiento. Muchos ciclistas profesionales y aficionados acuden a Mallorca en marzo para aprovechar el buen tiempo y las rutas panor\u00e1micas. <\/p>\t\t\t\t\t\t\t\t<\/div>\n\t\t\t\t<\/div>\n\t\t\t\t\t<\/div>\n\t\t\t\t<\/div>\n\t\t<div class=\"elementor-element elementor-element-a963ff6 e-flex e-con-boxed wpr-particle-no wpr-jarallax-no wpr-parallax-no wpr-sticky-section-no wpr-equal-height-no e-con e-parent\" data-id=\"a963ff6\" data-element_type=\"container\" data-e-type=\"container\">\n\t\t\t\t\t<div class=\"e-con-inner\">\n\t\t\t\t<div class=\"elementor-element elementor-element-a2aa662 elementor-grid-2 elementor-grid-tablet-2 elementor-grid-mobile-1 elementor-posts--thumbnail-top elementor-card-shadow-yes elementor-posts__hover-gradient elementor-widget elementor-widget-posts\" data-id=\"a2aa662\" data-element_type=\"widget\" data-e-type=\"widget\" data-settings=\"{&quot;cards_columns&quot;:&quot;2&quot;,&quot;cards_columns_tablet&quot;:&quot;2&quot;,&quot;cards_columns_mobile&quot;:&quot;1&quot;,&quot;cards_row_gap&quot;:{&quot;unit&quot;:&quot;px&quot;,&quot;size&quot;:35,&quot;sizes&quot;:[]},&quot;cards_row_gap_tablet&quot;:{&quot;unit&quot;:&quot;px&quot;,&quot;size&quot;:&quot;&quot;,&quot;sizes&quot;:[]},&quot;cards_row_gap_mobile&quot;:{&quot;unit&quot;:&quot;px&quot;,&quot;size&quot;:&quot;&quot;,&quot;sizes&quot;:[]}}\" data-widget_type=\"posts.cards\">\n\t\t\t\t<div class=\"elementor-widget-container\">\n\t\t\t\t\t\t\t<div class=\"elementor-posts-container elementor-posts elementor-posts--skin-cards elementor-grid\" role=\"list\">\n\t\t\t\t<article class=\"elementor-post elementor-grid-item post-8866 page type-page status-publish has-post-thumbnail hentry\" role=\"listitem\">\n\t\t\t<div class=\"elementor-post__card\">\n\t\t\t\t<a class=\"elementor-post__thumbnail__link\" href=\"https:\/\/discoversoller.com\/es\/alquiler-de-bicicletas-y-excursiones-en-bicicleta\/\" tabindex=\"-1\" ><div class=\"elementor-post__thumbnail\"><img decoding=\"async\" width=\"640\" height=\"640\" src=\"https:\/\/discoversoller.com\/wp-content\/uploads\/2025\/02\/HOME-PAGE-02-mountain-bike-tours-640x640-1.jpg\" class=\"attachment-large size-large wp-image-8711\" alt=\"Serene landscapes of Mallorca\u2019s Tramuntana, a paradise for cyclists\" srcset=\"https:\/\/discoversoller.com\/wp-content\/uploads\/2025\/02\/HOME-PAGE-02-mountain-bike-tours-640x640-1.jpg 640w, https:\/\/discoversoller.com\/wp-content\/uploads\/2025\/02\/HOME-PAGE-02-mountain-bike-tours-640x640-1-300x300.jpg 300w, https:\/\/discoversoller.com\/wp-content\/uploads\/2025\/02\/HOME-PAGE-02-mountain-bike-tours-640x640-1-150x150.jpg 150w, https:\/\/discoversoller.com\/wp-content\/uploads\/2025\/02\/HOME-PAGE-02-mountain-bike-tours-640x640-1-600x600.jpg 600w, https:\/\/discoversoller.com\/wp-content\/uploads\/2025\/02\/HOME-PAGE-02-mountain-bike-tours-640x640-1-278x278.jpg 278w, https:\/\/discoversoller.com\/wp-content\/uploads\/2025\/02\/HOME-PAGE-02-mountain-bike-tours-640x640-1-247x247.jpg 247w\" sizes=\"(max-width: 640px) 100vw, 640px\" \/><\/div><\/a>\n\t\t\t\t<div class=\"elementor-post__text\">\n\t\t\t\t<h3 class=\"elementor-post__title\">\n\t\t\t<a href=\"https:\/\/discoversoller.com\/es\/alquiler-de-bicicletas-y-excursiones-en-bicicleta\/\" >\n\t\t\t\tAlquiler de bicicletas y excursiones en bicicleta\t\t\t<\/a>\n\t\t<\/h3>\n\t\t\n\t\t<a class=\"elementor-post__read-more\" href=\"https:\/\/discoversoller.com\/es\/alquiler-de-bicicletas-y-excursiones-en-bicicleta\/\" aria-label=\"M\u00e1s informaci\u00f3n sobre Alquiler de bicicletas y excursiones en bicicleta\" tabindex=\"-1\" >\n\t\t\tLeer m\u00e1s \u00bb\t\t<\/a>\n\n\t\t\t\t<\/div>\n\t\t\t\t\t<\/div>\n\t\t<\/article>\n\t\t\t\t<article class=\"elementor-post elementor-grid-item post-6802 page type-page status-publish has-post-thumbnail hentry\" role=\"listitem\">\n\t\t\t<div class=\"elementor-post__card\">\n\t\t\t\t<a class=\"elementor-post__thumbnail__link\" href=\"https:\/\/discoversoller.com\/es\/soller-ben-amunt\/\" tabindex=\"-1\" ><div class=\"elementor-post__thumbnail\"><img decoding=\"async\" width=\"720\" height=\"679\" src=\"https:\/\/discoversoller.com\/wp-content\/uploads\/2025\/01\/sba_1915-180424_2wfg0212-Aq2BybGb31SbwEqe-1.avif\" class=\"attachment-large size-large wp-image-6765\" alt=\"Discover Mallorca&#039;s scenic hiking trails, from coastal paths to mountain adventures.\" srcset=\"https:\/\/discoversoller.com\/wp-content\/uploads\/2025\/01\/sba_1915-180424_2wfg0212-Aq2BybGb31SbwEqe-1.avif 720w, https:\/\/discoversoller.com\/wp-content\/uploads\/2025\/01\/sba_1915-180424_2wfg0212-Aq2BybGb31SbwEqe-1-300x283.avif 300w, https:\/\/discoversoller.com\/wp-content\/uploads\/2025\/01\/sba_1915-180424_2wfg0212-Aq2BybGb31SbwEqe-1-600x566.avif 600w\" sizes=\"(max-width: 720px) 100vw, 720px\" \/><\/div><\/a>\n\t\t\t\t<div class=\"elementor-post__text\">\n\t\t\t\t<h3 class=\"elementor-post__title\">\n\t\t\t<a href=\"https:\/\/discoversoller.com\/es\/soller-ben-amunt\/\" >\n\t\t\t\tSenderismo con gu\u00eda\t\t\t<\/a>\n\t\t<\/h3>\n\t\t\n\t\t<a class=\"elementor-post__read-more\" href=\"https:\/\/discoversoller.com\/es\/soller-ben-amunt\/\" aria-label=\"M\u00e1s informaci\u00f3n sobre Senderismo con gu\u00eda\" tabindex=\"-1\" >\n\t\t\tLeer m\u00e1s \u00bb\t\t<\/a>\n\n\t\t\t\t<\/div>\n\t\t\t\t\t<\/div>\n\t\t<\/article>\n\t\t\t\t<\/div>\n\t\t\n\t\t\t\t\t\t<\/div>\n\t\t\t\t<\/div>\n\t\t\t\t\t<\/div>\n\t\t\t\t<\/div>\n\t\t<div class=\"elementor-element elementor-element-93db1c3 e-flex e-con-boxed wpr-particle-no wpr-jarallax-no wpr-parallax-no wpr-sticky-section-no wpr-equal-height-no e-con e-parent\" data-id=\"93db1c3\" data-element_type=\"container\" data-e-type=\"container\">\n\t\t\t\t\t<div class=\"e-con-inner\">\n\t\t\t\t<div class=\"elementor-element elementor-element-9200f47 elementor-widget elementor-widget-text-editor\" data-id=\"9200f47\" data-element_type=\"widget\" data-e-type=\"widget\" data-widget_type=\"text-editor.default\">\n\t\t\t\t<div class=\"elementor-widget-container\">\n\t\t\t\t\t\t\t\t\t<h3 style=\"text-align: center;\" data-start=\"0\" data-end=\"40\"><strong data-start=\"0\" data-end=\"38\">Explorar los mercados locales de Mallorca<\/strong><\/h3><p style=\"text-align: left;\" data-start=\"42\" data-end=\"604\" data-is-last-node=\"\" data-is-only-node=\"\">Una de las mejores formas de experimentar la aut\u00e9ntica vida mallorquina es visitando los mercados locales de la isla. Celebrados en encantadores pueblos de toda la isla, estos mercados ofrecen una vibrante mezcla de productos frescos, artesan\u00eda y delicias tradicionales. Desde coloridas frutas y verduras hasta cer\u00e1mica hecha a mano y art\u00edculos de cuero, cada mercado ofrece una visi\u00f3n de la rica cultura de Mallorca.  <\/p>\t\t\t\t\t\t\t\t<\/div>\n\t\t\t\t<\/div>\n\t\t\t\t\t<\/div>\n\t\t\t\t<\/div>\n\t\t\t\t<\/div>\n\t\t","protected":false},"excerpt":{"rendered":"<p>Marzo en Mallorca marca la llegada de la primavera, trayendo temperaturas m\u00e1s c\u00e1lidas, m\u00e1s horas de luz y los primeros indicios de la vibrante belleza natural de la isla. Es el momento ideal para aquellos que buscan una escapada tranquila antes de que comience la ajetreada temporada de verano. Con eventos culturales, actividades al aire libre e impresionantes paisajes, marzo ofrece una oportunidad \u00fanica para vivir Mallorca en un entorno m\u00e1s aut\u00e9ntico y tranquilo. \u00bfPor qu\u00e9 visitar Mallorca en marzo? A medida que febrero se desvanece, marzo trae consigo un notable cambio en el clima de Mallorca. Los d\u00edas son m\u00e1s largos, el sol es m\u00e1s frecuente y las temperaturas suben hasta unos agradables 18\u00b0C. Las precipitaciones son menores que en meses anteriores, lo que hace m\u00e1s agradables las actividades al aire libre. Aunque pueden aparecer nubes o lloviznas ocasionales, el tiempo en general es suave. Festivales de Mallorca en marzo El mes de marzo en Mallorca est\u00e1 repleto de festividades culturales que dan vida a las tradiciones de la isla. Desde ferias hist\u00f3ricas hasta animadas celebraciones callejeras, los visitantes pueden disfrutar de la artesan\u00eda, la m\u00fasica y la gastronom\u00eda locales mientras experimentan el vibrante patrimonio de la isla. D\u00eda de Baleares El 1 de marzo se celebra el D\u00eda de las Islas Baleares, festividad que conmemora la autonom\u00eda de este archipi\u00e9lago. En toda la isla, los visitantes pueden disfrutar de mercadillos, m\u00fasica en directo, bailes tradicionales y ferias gastron\u00f3micas. Palma, la capital de la isla, es el epicentro de las celebraciones, y ofrece desde puestos de artesan\u00eda hasta delicias locales como la sobrasada y las ensaimadas. Fira del Fang &#8211; Feria de Cer\u00e1mica de Marratx\u00ed En marzo destaca la Fira del Fang (Feria de la Cer\u00e1mica) de Marratx\u00ed, localidad conocida como la capital de la cer\u00e1mica de Mallorca. En este evento se exhibe cer\u00e1mica hecha a mano por artesanos locales e internacionales. Los visitantes pueden echar un vistazo a hermosas cer\u00e1micas, ver demostraciones en directo e incluso participar en talleres de alfarer\u00eda. Es una excelente oportunidad para llevarse a casa un recuerdo \u00fanico a la vez que se apoya la artesan\u00eda local. Fira del Ram &#8211; Feria de Primavera de Mallorca Si busca diversi\u00f3n para toda la familia, la Fira del Ram de Palma es una visita obligada. Esta feria anual, que se celebra desde principios de marzo hasta mediados de abril, cuenta con emocionantes atracciones, puestos de juegos y vendedores de comida. Desde emocionantes monta\u00f1as rusas hasta carruseles cl\u00e1sicos, ofrece diversi\u00f3n para todas las edades. La feria es especialmente animada por las noches, con luces brillantes y un ambiente festivo que la convierten en uno de los acontecimientos primaverales m\u00e1s esperados. Aventuras al aire libre y paisajes en flor Marzo es el mes perfecto para los amantes de las actividades al aire libre. Las temperaturas m\u00e1s frescas y los exuberantes paisajes verdes hacen del senderismo en la Serra de Tramuntana una experiencia inolvidable. Senderos populares como el Puig de Galatz\u00f3 o el Barranc de Biniaraix en S\u00f3ller ofrecen unas vistas impresionantes y la oportunidad de contemplar la flora de la isla en plena floraci\u00f3n. Adem\u00e1s, la temporada de floraci\u00f3n de los almendros, que comienza en febrero, suele prolongarse hasta principios de marzo, creando pintorescos paisajes por todo el campo. Para los entusiastas del ciclismo, las carreteras en buen estado y las desafiantes rutas de monta\u00f1a de la isla constituyen un excelente campo de entrenamiento. Muchos ciclistas profesionales y aficionados acuden a Mallorca en marzo para aprovechar el buen tiempo y las rutas panor\u00e1micas. Explorar los mercados locales de Mallorca Una de las mejores formas de experimentar la aut\u00e9ntica vida mallorquina es visitando los mercados locales de la isla. Celebrados en encantadores pueblos de toda la isla, estos mercados ofrecen una vibrante mezcla de productos frescos, artesan\u00eda y delicias tradicionales. Desde coloridas frutas y verduras hasta cer\u00e1mica hecha a mano y art\u00edculos de cuero, cada mercado ofrece una visi\u00f3n de la rica cultura de Mallorca.<\/p>\n","protected":false},"author":1,"featured_media":9197,"comment_status":"open","ping_status":"open","sticky":false,"template":"","format":"standard","meta":{"_monsterinsights_skip_tracking":false,"_monsterinsights_sitenote_active":false,"_monsterinsights_sitenote_note":"","_monsterinsights_sitenote_category":0,"footnotes":""},"categories":[217],"tags":[],"class_list":["post-9260","post","type-post","status-publish","format-standard","has-post-thumbnail","hentry","category-eventos"],"aioseo_notices":[],"_links":{"self":[{"href":"https:\/\/discoversoller.com\/es\/wp-json\/wp\/v2\/posts\/9260","targetHints":{"allow":["GET"]}}],"collection":[{"href":"https:\/\/discoversoller.com\/es\/wp-json\/wp\/v2\/posts"}],"about":[{"href":"https:\/\/discoversoller.com\/es\/wp-json\/wp\/v2\/types\/post"}],"author":[{"embeddable":true,"href":"https:\/\/discoversoller.com\/es\/wp-json\/wp\/v2\/users\/1"}],"replies":[{"embeddable":true,"href":"https:\/\/discoversoller.com\/es\/wp-json\/wp\/v2\/comments?post=9260"}],"version-history":[{"count":1,"href":"https:\/\/discoversoller.com\/es\/wp-json\/wp\/v2\/posts\/9260\/revisions"}],"predecessor-version":[{"id":9261,"href":"https:\/\/discoversoller.com\/es\/wp-json\/wp\/v2\/posts\/9260\/revisions\/9261"}],"wp:featuredmedia":[{"embeddable":true,"href":"https:\/\/discoversoller.com\/es\/wp-json\/wp\/v2\/media\/9197"}],"wp:attachment":[{"href":"https:\/\/discoversoller.com\/es\/wp-json\/wp\/v2\/media?parent=9260"}],"wp:term":[{"taxonomy":"category","embeddable":true,"href":"https:\/\/discoversoller.com\/es\/wp-json\/wp\/v2\/categories?post=9260"},{"taxonomy":"post_tag","embeddable":true,"href":"https:\/\/discoversoller.com\/es\/wp-json\/wp\/v2\/tags?post=9260"}],"curies":[{"name":"wp","href":"https:\/\/api.w.org\/{rel}","templated":true}]}}