{"id":8563,"date":"2025-02-17T21:34:36","date_gmt":"2025-02-17T20:34:36","guid":{"rendered":"https:\/\/discoversoller.com\/?p=8563"},"modified":"2025-03-03T17:57:31","modified_gmt":"2025-03-03T16:57:31","slug":"febrero-en-mallorca","status":"publish","type":"post","link":"https:\/\/discoversoller.com\/es\/febrero-en-mallorca\/","title":{"rendered":"Febrero en Mallorca"},"content":{"rendered":"\t\t<div data-elementor-type=\"wp-post\" data-elementor-id=\"8563\" class=\"elementor elementor-8563 elementor-8528\" data-elementor-post-type=\"post\">\n\t\t\t\t<div class=\"elementor-element elementor-element-980406f e-flex e-con-boxed wpr-particle-no wpr-jarallax-no wpr-parallax-no wpr-sticky-section-no wpr-equal-height-no e-con e-parent\" data-id=\"980406f\" data-element_type=\"container\" data-e-type=\"container\">\n\t\t\t\t\t<div class=\"e-con-inner\">\n\t\t\t\t<div class=\"elementor-element elementor-element-90063c5 elementor-skin-carousel elementor-arrows-yes elementor-pagination-type-bullets elementor-pagination-position-outside elementor-widget elementor-widget-media-carousel\" data-id=\"90063c5\" data-element_type=\"widget\" data-e-type=\"widget\" data-settings=\"{&quot;slides_per_view&quot;:&quot;1&quot;,&quot;skin&quot;:&quot;carousel&quot;,&quot;effect&quot;:&quot;slide&quot;,&quot;show_arrows&quot;:&quot;yes&quot;,&quot;pagination&quot;:&quot;bullets&quot;,&quot;speed&quot;:500,&quot;autoplay&quot;:&quot;yes&quot;,&quot;autoplay_speed&quot;:5000,&quot;loop&quot;:&quot;yes&quot;,&quot;pause_on_hover&quot;:&quot;yes&quot;,&quot;pause_on_interaction&quot;:&quot;yes&quot;,&quot;space_between&quot;:{&quot;unit&quot;:&quot;px&quot;,&quot;size&quot;:10,&quot;sizes&quot;:[]},&quot;space_between_tablet&quot;:{&quot;unit&quot;:&quot;px&quot;,&quot;size&quot;:10,&quot;sizes&quot;:[]},&quot;space_between_mobile&quot;:{&quot;unit&quot;:&quot;px&quot;,&quot;size&quot;:10,&quot;sizes&quot;:[]}}\" data-widget_type=\"media-carousel.default\">\n\t\t\t\t<div class=\"elementor-widget-container\">\n\t\t\t\t\t\t\t\t\t<div class=\"elementor-swiper\">\n\t\t\t\t\t<div class=\"elementor-main-swiper swiper\" role=\"region\" aria-roledescription=\"carousel\" aria-label=\"Slides\">\n\t\t\t\t<div class=\"swiper-wrapper\">\n\t\t\t\t\t\t\t\t\t\t\t<div class=\"swiper-slide\" role=\"group\" aria-roledescription=\"slide\">\n\t\t\t\t\t\t\t\t\t<div class=\"elementor-carousel-image\" role=\"img\" aria-label=\"Fiesta de la Luz de la Catedral de Palma\" style=\"background-image: url(&#039;https:\/\/discoversoller.com\/wp-content\/uploads\/2025\/02\/Fiesta-de-la-Luz-de-la-Catedral-de-Palma.jpg&#039;)\">\n\n\t\t\t\n\t\t\t\t\t<\/div>\n\t\t\t\t\t\t\t\t<\/div>\n\t\t\t\t\t\t\t\t\t\t\t<div class=\"swiper-slide\" role=\"group\" aria-roledescription=\"slide\">\n\t\t\t\t\t\t\t\t\t<div class=\"elementor-carousel-image\" role=\"img\" aria-label=\"Blooming almond tree in Mallorca, showcasing its delicate white and pink flowers against a scenic backdrop.\" style=\"background-image: url(&#039;https:\/\/discoversoller.com\/wp-content\/uploads\/2025\/02\/almond-blossoms-3440508_1280.jpg&#039;)\">\n\n\t\t\t\n\t\t\t\t\t<\/div>\n\t\t\t\t\t\t\t\t<\/div>\n\t\t\t\t\t\t\t\t\t\t\t<div class=\"swiper-slide\" role=\"group\" aria-roledescription=\"slide\">\n\t\t\t\t\t\t\t\t\t<div class=\"elementor-carousel-image\" role=\"img\" aria-label=\"Senderismo en la Sierra de Tramuntana: descubre rutas esc\u00e9nicas entre monta\u00f1as, olivares y vistas al Mediterr\u00e1neo, ideales para amantes de la naturaleza y la aventura.\" style=\"background-image: url(&#039;https:\/\/discoversoller.com\/wp-content\/uploads\/2024\/12\/senderismo-sierra-tramuntana-mallorca.jpg&#039;)\">\n\n\t\t\t\n\t\t\t\t\t<\/div>\n\t\t\t\t\t\t\t\t<\/div>\n\t\t\t\t\t\t\t\t\t\t\t<div class=\"swiper-slide\" role=\"group\" aria-roledescription=\"slide\">\n\t\t\t\t\t\t\t\t\t<div class=\"elementor-carousel-image\" role=\"img\" aria-label=\"Sheep resting in thje S\u00f3ller valley during winter season.\" style=\"background-image: url(&#039;https:\/\/discoversoller.com\/wp-content\/uploads\/2025\/02\/Oveja-Soller.jpg&#039;)\">\n\n\t\t\t\n\t\t\t\t\t<\/div>\n\t\t\t\t\t\t\t\t<\/div>\n\t\t\t\t\t\t\t\t\t\t\t<div class=\"swiper-slide\" role=\"group\" aria-roledescription=\"slide\">\n\t\t\t\t\t\t\t\t\t<div class=\"elementor-carousel-image\" role=\"img\" aria-label=\"Hiking trail in the Tramuntana mountains near S\u00f3ller.\" style=\"background-image: url(&#039;https:\/\/discoversoller.com\/wp-content\/uploads\/2024\/06\/FOTO-18-1.jpg&#039;)\">\n\n\t\t\t\n\t\t\t\t\t<\/div>\n\t\t\t\t\t\t\t\t<\/div>\n\t\t\t\t\t\t\t\t\t\t\t<div class=\"swiper-slide\" role=\"group\" aria-roledescription=\"slide\">\n\t\t\t\t\t\t\t\t\t<div class=\"elementor-carousel-image\" role=\"img\" aria-label=\"Can Molinas bakery in Valldemossa, famous for its coca de patata and traditional Mallorcan pastries.\" style=\"background-image: url(&#039;https:\/\/discoversoller.com\/wp-content\/uploads\/2025\/02\/16824602246762-scaled.jpg&#039;)\">\n\n\t\t\t\n\t\t\t\t\t<\/div>\n\t\t\t\t\t\t\t\t<\/div>\n\t\t\t\t\t\t\t\t\t<\/div>\n\t\t\t\t\t\t\t\t\t\t\t\t\t\t\t<div class=\"elementor-swiper-button elementor-swiper-button-prev\" role=\"button\" tabindex=\"0\" aria-label=\"Anterior\">\n\t\t\t\t\t\t\t<i aria-hidden=\"true\" class=\"eicon-chevron-left\"><\/i>\t\t\t\t\t\t<\/div>\n\t\t\t\t\t\t<div class=\"elementor-swiper-button elementor-swiper-button-next\" role=\"button\" tabindex=\"0\" aria-label=\"Siguiente\">\n\t\t\t\t\t\t\t<i aria-hidden=\"true\" class=\"eicon-chevron-right\"><\/i>\t\t\t\t\t\t<\/div>\n\t\t\t\t\t\t\t\t\t\t\t\t\t\t\t\t<div class=\"swiper-pagination\"><\/div>\n\t\t\t\t\t\t\t\t\t\t\t\t<\/div>\n\t\t\t\t<\/div>\n\t\t\t\t\t\t\t\t<\/div>\n\t\t\t\t<\/div>\n\t\t\t\t\t<\/div>\n\t\t\t\t<\/div>\n\t\t<div class=\"elementor-element elementor-element-ac4113b e-flex e-con-boxed wpr-particle-no wpr-jarallax-no wpr-parallax-no wpr-sticky-section-no wpr-equal-height-no e-con e-parent\" data-id=\"ac4113b\" data-element_type=\"container\" data-e-type=\"container\">\n\t\t\t\t\t<div class=\"e-con-inner\">\n\t\t\t\t<div class=\"elementor-element elementor-element-c46a18a elementor-widget elementor-widget-heading\" data-id=\"c46a18a\" data-element_type=\"widget\" data-e-type=\"widget\" data-widget_type=\"heading.default\">\n\t\t\t\t<div class=\"elementor-widget-container\">\n\t\t\t\t\t<h2 class=\"elementor-heading-title elementor-size-default\">Febrero en Mallorca <\/h2>\t\t\t\t<\/div>\n\t\t\t\t<\/div>\n\t\t\t\t<div class=\"elementor-element elementor-element-c3c6bdb elementor-widget elementor-widget-heading\" data-id=\"c3c6bdb\" data-element_type=\"widget\" data-e-type=\"widget\" data-widget_type=\"heading.default\">\n\t\t\t\t<div class=\"elementor-widget-container\">\n\t\t\t\t\t<h2 class=\"elementor-heading-title elementor-size-default\">Un Refugio Tranquilo en la Isla<\/h2>\t\t\t\t<\/div>\n\t\t\t\t<\/div>\n\t\t\t\t\t<\/div>\n\t\t\t\t<\/div>\n\t\t<div class=\"elementor-element elementor-element-dded649 e-flex e-con-boxed wpr-particle-no wpr-jarallax-no wpr-parallax-no wpr-sticky-section-no wpr-equal-height-no e-con e-parent\" data-id=\"dded649\" data-element_type=\"container\" data-e-type=\"container\">\n\t\t\t\t\t<div class=\"e-con-inner\">\n\t\t\t\t<div class=\"elementor-element elementor-element-44a449e elementor-widget elementor-widget-text-editor\" data-id=\"44a449e\" data-element_type=\"widget\" data-e-type=\"widget\" data-widget_type=\"text-editor.default\">\n\t\t\t\t<div class=\"elementor-widget-container\">\n\t\t\t\t\t\t\t\t\t<p>Febrero en Mallorca ofrece una combinaci\u00f3n \u00fanica de tranquilidad y belleza natural. A medida que el invierno se desvanece, la isla comienza a despertar con los primeros signos de la primavera. Los d\u00edas se alargan, permitiendo m\u00e1s tiempo para explorar los paisajes pintorescos. Uno de los espect\u00e1culos m\u00e1s encantadores de este mes es la floraci\u00f3n de los almendros, que cubren el campo con delicadas flores blancas y rosadas. Este fen\u00f3meno natural no solo realza la belleza de la isla, sino que tambi\u00e9n proporciona una atm\u00f3sfera serena para quienes buscan un retiro relajante.    <\/p>\t\t\t\t\t\t\t\t<\/div>\n\t\t\t\t<\/div>\n\t\t\t\t\t<\/div>\n\t\t\t\t<\/div>\n\t\t<div class=\"elementor-element elementor-element-d074f53 e-flex e-con-boxed wpr-particle-no wpr-jarallax-no wpr-parallax-no wpr-sticky-section-no wpr-equal-height-no e-con e-parent\" data-id=\"d074f53\" data-element_type=\"container\" data-e-type=\"container\">\n\t\t\t\t\t<div class=\"e-con-inner\">\n\t\t<div class=\"elementor-element elementor-element-842a1d2 e-con-full e-flex wpr-particle-no wpr-jarallax-no wpr-parallax-no wpr-sticky-section-no wpr-equal-height-no e-con e-child\" data-id=\"842a1d2\" data-element_type=\"container\" data-e-type=\"container\">\n\t\t\t\t<div class=\"elementor-element elementor-element-4b10b55 elementor-widget elementor-widget-text-editor\" data-id=\"4b10b55\" data-element_type=\"widget\" data-e-type=\"widget\" data-widget_type=\"text-editor.default\">\n\t\t\t\t<div class=\"elementor-widget-container\">\n\t\t\t\t\t\t\t\t\t<h3>Clima Agradable para Actividades al Aire Libre<\/h3><p>El clima de febrero en Mallorca es relativamente suave, ideal para diversas actividades al aire libre.<\/p><p>Con temperaturas diurnas de <strong>aproximadamente 15\u00b0C <\/strong>y unas 8 horas de sol al d\u00eda, es perfecto para practicar senderismo, ciclismo y hacer turismo. Sin embargo, las noches pueden ser fr\u00edas, con temperaturas que rondan los 5\u00b0C, por lo que se recomienda llevar una chaqueta abrigada para las salidas nocturnas. <\/p>\t\t\t\t\t\t\t\t<\/div>\n\t\t\t\t<\/div>\n\t\t\t\t<div class=\"elementor-element elementor-element-86aeaf6 elementor-widget elementor-widget-text-editor\" data-id=\"86aeaf6\" data-element_type=\"widget\" data-e-type=\"widget\" data-widget_type=\"text-editor.default\">\n\t\t\t\t<div class=\"elementor-widget-container\">\n\t\t\t\t\t\t\t\t\t<h3 data-start=\"1213\" data-end=\"1340\">Explora las Festividades Culturales de Mallorca<\/h3><p data-start=\"1213\" data-end=\"1340\">Febrero es un mes lleno de eventos culturales que permiten descubrir la esencia de Mallorca:<\/p><ul data-start=\"1342\" data-end=\"1725\"><li data-start=\"1342\" data-end=\"1534\"><p data-start=\"1344\" data-end=\"1534\"><strong data-start=\"1344\" data-end=\"1380\">Fira de S&#8217;Ametler (Feria de la Almendra)<\/strong>: Celebrada en Son Servera, esta feria rinde homenaje a la cosecha de almendras con productos y artesan\u00edas elaborados a partir de este fruto.<\/p><p><strong data-start=\"1538\" data-end=\"1560\">Sa Rua (Carnaval)<\/strong>: Un animado carnaval con desfiles, m\u00fasica y coloridos disfraces que crean una atm\u00f3sfera festiva para locales y visitantes.<\/p><\/li><li data-start=\"1342\" data-end=\"1534\">Participar en estas festividades brinda la oportunidad de sumergirse en las ricas tradiciones de la isla.<\/li><\/ul>\t\t\t\t\t\t\t\t<\/div>\n\t\t\t\t<\/div>\n\t\t\t\t<\/div>\n\t\t<div class=\"elementor-element elementor-element-37b0a4c e-con-full e-flex wpr-particle-no wpr-jarallax-no wpr-parallax-no wpr-sticky-section-no wpr-equal-height-no e-con e-child\" data-id=\"37b0a4c\" data-element_type=\"container\" data-e-type=\"container\">\n\t\t\t\t<div class=\"elementor-element elementor-element-f17414d elementor-grid-1 elementor-posts--align-center elementor-grid-tablet-2 elementor-grid-mobile-1 elementor-posts--thumbnail-top elementor-card-shadow-yes elementor-posts__hover-gradient elementor-widget elementor-widget-posts\" data-id=\"f17414d\" data-element_type=\"widget\" data-e-type=\"widget\" data-settings=\"{&quot;cards_columns&quot;:&quot;1&quot;,&quot;cards_row_gap&quot;:{&quot;unit&quot;:&quot;px&quot;,&quot;size&quot;:29,&quot;sizes&quot;:[]},&quot;cards_columns_tablet&quot;:&quot;2&quot;,&quot;cards_columns_mobile&quot;:&quot;1&quot;,&quot;cards_row_gap_tablet&quot;:{&quot;unit&quot;:&quot;px&quot;,&quot;size&quot;:&quot;&quot;,&quot;sizes&quot;:[]},&quot;cards_row_gap_mobile&quot;:{&quot;unit&quot;:&quot;px&quot;,&quot;size&quot;:&quot;&quot;,&quot;sizes&quot;:[]}}\" data-widget_type=\"posts.cards\">\n\t\t\t\t<div class=\"elementor-widget-container\">\n\t\t\t\t\t\t\t<div class=\"elementor-posts-container elementor-posts elementor-posts--skin-cards elementor-grid\" role=\"list\">\n\t\t\t\t<article class=\"elementor-post elementor-grid-item post-6802 page type-page status-publish has-post-thumbnail hentry\" role=\"listitem\">\n\t\t\t<div class=\"elementor-post__card\">\n\t\t\t\t<a class=\"elementor-post__thumbnail__link\" href=\"https:\/\/discoversoller.com\/es\/soller-ben-amunt\/\" tabindex=\"-1\" ><div class=\"elementor-post__thumbnail\"><img fetchpriority=\"high\" decoding=\"async\" width=\"720\" height=\"679\" src=\"https:\/\/discoversoller.com\/wp-content\/uploads\/2025\/01\/sba_1915-180424_2wfg0212-Aq2BybGb31SbwEqe-1.avif\" class=\"attachment-large size-large wp-image-6765\" alt=\"Discover Mallorca&#039;s scenic hiking trails, from coastal paths to mountain adventures.\" srcset=\"https:\/\/discoversoller.com\/wp-content\/uploads\/2025\/01\/sba_1915-180424_2wfg0212-Aq2BybGb31SbwEqe-1.avif 720w, https:\/\/discoversoller.com\/wp-content\/uploads\/2025\/01\/sba_1915-180424_2wfg0212-Aq2BybGb31SbwEqe-1-300x283.avif 300w, https:\/\/discoversoller.com\/wp-content\/uploads\/2025\/01\/sba_1915-180424_2wfg0212-Aq2BybGb31SbwEqe-1-600x566.avif 600w\" sizes=\"(max-width: 720px) 100vw, 720px\" \/><\/div><\/a>\n\t\t\t\t<div class=\"elementor-post__text\">\n\t\t\t\t<h3 class=\"elementor-post__title\">\n\t\t\t<a href=\"https:\/\/discoversoller.com\/es\/soller-ben-amunt\/\" >\n\t\t\t\tSenderismo con gu\u00eda\t\t\t<\/a>\n\t\t<\/h3>\n\t\t\n\t\t<a class=\"elementor-post__read-more\" href=\"https:\/\/discoversoller.com\/es\/soller-ben-amunt\/\" aria-label=\"M\u00e1s informaci\u00f3n sobre Senderismo con gu\u00eda\" tabindex=\"-1\" >\n\t\t\tLeer m\u00e1s \u00bb\t\t<\/a>\n\n\t\t\t\t<\/div>\n\t\t\t\t\t<\/div>\n\t\t<\/article>\n\t\t\t\t<\/div>\n\t\t\n\t\t\t\t\t\t<\/div>\n\t\t\t\t<\/div>\n\t\t\t\t<\/div>\n\t\t\t\t\t<\/div>\n\t\t\t\t<\/div>\n\t\t<div class=\"elementor-element elementor-element-2adb8af e-flex e-con-boxed wpr-particle-no wpr-jarallax-no wpr-parallax-no wpr-sticky-section-no wpr-equal-height-no e-con e-parent\" data-id=\"2adb8af\" data-element_type=\"container\" data-e-type=\"container\">\n\t\t\t\t\t<div class=\"e-con-inner\">\n\t\t<div class=\"elementor-element elementor-element-d9fcdfe e-con-full e-flex wpr-particle-no wpr-jarallax-no wpr-parallax-no wpr-sticky-section-no wpr-equal-height-no e-con e-child\" data-id=\"d9fcdfe\" data-element_type=\"container\" data-e-type=\"container\">\n\t\t\t\t<div class=\"elementor-element elementor-element-d87768d elementor-grid-1 elementor-posts--align-center elementor-grid-tablet-2 elementor-grid-mobile-1 elementor-posts--thumbnail-top elementor-card-shadow-yes elementor-posts__hover-gradient elementor-widget elementor-widget-posts\" data-id=\"d87768d\" data-element_type=\"widget\" data-e-type=\"widget\" data-settings=\"{&quot;cards_columns&quot;:&quot;1&quot;,&quot;cards_columns_tablet&quot;:&quot;2&quot;,&quot;cards_columns_mobile&quot;:&quot;1&quot;,&quot;cards_row_gap&quot;:{&quot;unit&quot;:&quot;px&quot;,&quot;size&quot;:35,&quot;sizes&quot;:[]},&quot;cards_row_gap_tablet&quot;:{&quot;unit&quot;:&quot;px&quot;,&quot;size&quot;:&quot;&quot;,&quot;sizes&quot;:[]},&quot;cards_row_gap_mobile&quot;:{&quot;unit&quot;:&quot;px&quot;,&quot;size&quot;:&quot;&quot;,&quot;sizes&quot;:[]}}\" data-widget_type=\"posts.cards\">\n\t\t\t\t<div class=\"elementor-widget-container\">\n\t\t\t\t\t\t\t<div class=\"elementor-posts-container elementor-posts elementor-posts--skin-cards elementor-grid\" role=\"list\">\n\t\t\t\t<article class=\"elementor-post elementor-grid-item post-8102 post type-post status-publish format-standard has-post-thumbnail hentry category-experiencias\" role=\"listitem\">\n\t\t\t<div class=\"elementor-post__card\">\n\t\t\t\t<a class=\"elementor-post__thumbnail__link\" href=\"https:\/\/discoversoller.com\/es\/la-catedral-de-palma-la-seu-de-santa-maria\/\" tabindex=\"-1\" ><div class=\"elementor-post__thumbnail\"><img decoding=\"async\" width=\"1000\" height=\"667\" src=\"https:\/\/discoversoller.com\/wp-content\/uploads\/2024\/06\/Catedral-La-Seu-Palma.jpg\" class=\"attachment-large size-large wp-image-4656\" alt=\"Cathedral of Palma de Mallorca, a must-visit\" srcset=\"https:\/\/discoversoller.com\/wp-content\/uploads\/2024\/06\/Catedral-La-Seu-Palma.jpg 1000w, https:\/\/discoversoller.com\/wp-content\/uploads\/2024\/06\/Catedral-La-Seu-Palma-600x400.jpg 600w, https:\/\/discoversoller.com\/wp-content\/uploads\/2024\/06\/Catedral-La-Seu-Palma-300x200.jpg 300w, https:\/\/discoversoller.com\/wp-content\/uploads\/2024\/06\/Catedral-La-Seu-Palma-768x512.jpg 768w, https:\/\/discoversoller.com\/wp-content\/uploads\/2024\/06\/Catedral-La-Seu-Palma-800x534.jpg 800w, https:\/\/discoversoller.com\/wp-content\/uploads\/2024\/06\/Catedral-La-Seu-Palma-227x152.jpg 227w, https:\/\/discoversoller.com\/wp-content\/uploads\/2024\/06\/Catedral-La-Seu-Palma-143x96.jpg 143w, https:\/\/discoversoller.com\/wp-content\/uploads\/2024\/06\/Catedral-La-Seu-Palma-585x390.jpg 585w, https:\/\/discoversoller.com\/wp-content\/uploads\/2024\/06\/Catedral-La-Seu-Palma-385x257.jpg 385w\" sizes=\"(max-width: 1000px) 100vw, 1000px\" \/><\/div><\/a>\n\t\t\t\t<div class=\"elementor-post__text\">\n\t\t\t\t<h3 class=\"elementor-post__title\">\n\t\t\t<a href=\"https:\/\/discoversoller.com\/es\/la-catedral-de-palma-la-seu-de-santa-maria\/\" >\n\t\t\t\tLa Catedral de Palma &#8211; La Seu de Santa Mar\u00eda\t\t\t<\/a>\n\t\t<\/h3>\n\t\t\n\t\t<a class=\"elementor-post__read-more\" href=\"https:\/\/discoversoller.com\/es\/la-catedral-de-palma-la-seu-de-santa-maria\/\" aria-label=\"M\u00e1s informaci\u00f3n sobre La Catedral de Palma &#8211; La Seu de Santa Mar\u00eda\" tabindex=\"-1\" >\n\t\t\tLeer m\u00e1s \u00bb\t\t<\/a>\n\n\t\t\t\t<\/div>\n\t\t\t\t\t<\/div>\n\t\t<\/article>\n\t\t\t\t<\/div>\n\t\t\n\t\t\t\t\t\t<\/div>\n\t\t\t\t<\/div>\n\t\t\t\t<\/div>\n\t\t<div class=\"elementor-element elementor-element-f8acbe1 e-con-full e-flex wpr-particle-no wpr-jarallax-no wpr-parallax-no wpr-sticky-section-no wpr-equal-height-no e-con e-child\" data-id=\"f8acbe1\" data-element_type=\"container\" data-e-type=\"container\">\n\t\t\t\t<div class=\"elementor-element elementor-element-528f075 elementor-widget elementor-widget-text-editor\" data-id=\"528f075\" data-element_type=\"widget\" data-e-type=\"widget\" data-widget_type=\"text-editor.default\">\n\t\t\t\t<div class=\"elementor-widget-container\">\n\t\t\t\t\t\t\t\t\t<h3 data-start=\"1706\" data-end=\"1751\">Festival de la Luz en La Seu<\/h3><p data-start=\"1752\" data-end=\"2316\">Uno de los fen\u00f3menos m\u00e1s impresionantes de Mallorca tiene lugar en febrero en<strong data-start=\"1825\" data-end=\"1868\"> La Seu, la emblem\u00e1tica catedral g\u00f3tica de Palma<\/strong>. El 2 de febrero (Candelaria) y el 11 de noviembre (San Mart\u00edn), se produce un raro <strong data-start=\"1945\" data-end=\"1966\">Festival de la Luz<\/strong> cuando el sol de la ma\u00f1ana se alinea perfectamente con el espectacular<strong data-start=\"2045\" data-end=\"2060\"> roset\u00f3n<\/strong> de la catedral, proyectando un luminoso reflejo directamente debajo de su hom\u00f3logo occidental, m\u00e1s peque\u00f1o.<br>Traducci\u00f3n realizada con la versi\u00f3n gratuita del traductor DeepL.com <\/p><p data-start=\"1752\" data-end=\"2316\">Este acontecimiento \u00fanico crea un asombroso patr\u00f3n en forma de ocho, que atrae a visitantes de todo el mundo para presenciar esta extraordinaria interacci\u00f3n de luz y arquitectura.<\/p>\t\t\t\t\t\t\t\t<\/div>\n\t\t\t\t<\/div>\n\t\t\t\t<div class=\"elementor-element elementor-element-2ef9399 elementor-widget elementor-widget-text-editor\" data-id=\"2ef9399\" data-element_type=\"widget\" data-e-type=\"widget\" data-widget_type=\"text-editor.default\">\n\t\t\t\t<div class=\"elementor-widget-container\">\n\t\t\t\t\t\t\t\t\t<p>*Por lo dem\u00e1s, siempre es buena idea entrar en calor con un chocolate caliente y una <span style=\"text-decoration: underline;\">coca de patata<\/span> o un <span style=\"text-decoration: underline;\">trozo de cuarto<\/span> despu\u00e9s de un d\u00eda de exploraci\u00f3n. Para disfrutar del aut\u00e9ntico sabor de Mallorca, dir\u00edgete a <strong>Can Molinas<\/strong>, en<a href=\"https:\/\/discoversoller.com\/es\/valldemossa\/\"> Valldemossa<\/a>, o a <strong>Can Joan de Saigo<\/strong>, en Palma, dos lugares muy apreciados por los mallorquines. <\/p>\t\t\t\t\t\t\t\t<\/div>\n\t\t\t\t<\/div>\n\t\t\t\t<\/div>\n\t\t\t\t\t<\/div>\n\t\t\t\t<\/div>\n\t\t<div class=\"elementor-element elementor-element-7a2f880 e-flex e-con-boxed wpr-particle-no wpr-jarallax-no wpr-parallax-no wpr-sticky-section-no wpr-equal-height-no e-con e-parent\" data-id=\"7a2f880\" data-element_type=\"container\" data-e-type=\"container\">\n\t\t\t\t\t<div class=\"e-con-inner\">\n\t\t\t\t<div class=\"elementor-element elementor-element-ddd0fc7 elementor-widget elementor-widget-text-editor\" data-id=\"ddd0fc7\" data-element_type=\"widget\" data-e-type=\"widget\" data-widget_type=\"text-editor.default\">\n\t\t\t\t<div class=\"elementor-widget-container\">\n\t\t\t\t\t\t\t\t\t<h3 data-start=\"2318\" data-end=\"2353\">Ventajas de Viajar Fuera de Temporada<\/h3><p data-start=\"2354\" data-end=\"2497\">Visitar Mallorca en febrero significa descubrir la isla sin las multitudes tur\u00edsticas habituales. Esta temporada baja ofrece m\u00faltiples ventajas: <\/p><ul data-start=\"2499\" data-end=\"2929\"><li data-start=\"2499\" data-end=\"2597\"><strong data-start=\"2501\" data-end=\"2526\">Exploraci\u00f3n en Paz<\/strong>: Disfruta de los lugares emblem\u00e1ticos y la naturaleza en un ambiente tranquilo.<\/li><li data-start=\"2598\" data-end=\"2760\"><strong data-start=\"2600\" data-end=\"2631\">Experiencia Local Aut\u00e9ntica<\/strong>: Con menos turistas, hay m\u00e1s oportunidades de interactuar con la comunidad local y conocer la vida mallorquina tradicional.<br><\/li><li data-start=\"2761\" data-end=\"2929\"><strong data-start=\"2763\" data-end=\"2798\">Tarifas de alojamiento atractivas<\/strong>: Muchos hoteles y complejos tur\u00edsticos ofrecen precios competitivos durante este periodo, por lo que es un momento excelente para los viajeros con presupuesto ajustado. <a href=\"https:\/\/discoversoller.com\/es\/ofertas\/\">Haga clic AQU\u00cd para consultar nuestras ofertas<\/a>. <\/li><\/ul>\t\t\t\t\t\t\t\t<\/div>\n\t\t\t\t<\/div>\n\t\t\t\t\t<\/div>\n\t\t\t\t<\/div>\n\t\t<div class=\"elementor-element elementor-element-16ed836 e-flex e-con-boxed wpr-particle-no wpr-jarallax-no wpr-parallax-no wpr-sticky-section-no wpr-equal-height-no e-con e-parent\" data-id=\"16ed836\" data-element_type=\"container\" data-e-type=\"container\">\n\t\t\t\t\t<div class=\"e-con-inner\">\n\t\t\t\t<div class=\"elementor-element elementor-element-f5f06a0 elementor-widget elementor-widget-text-editor\" data-id=\"f5f06a0\" data-element_type=\"widget\" data-e-type=\"widget\" data-widget_type=\"text-editor.default\">\n\t\t\t\t<div class=\"elementor-widget-container\">\n\t\t\t\t\t\t\t\t\t<h3 data-start=\"2931\" data-end=\"2973\">Consejos Pr\u00e1cticos para Viajar en Febrero<\/h3><ul data-start=\"2974\" data-end=\"3433\"><li data-start=\"2974\" data-end=\"3174\"><strong data-start=\"2976\" data-end=\"2994\">Alojamiento<\/strong>: Aunque algunos hoteles cierran en invierno, muchos en Palma y otras localidades permanecen abiertos. Se recomienda reservar con antelaci\u00f3n.<br> <\/li><li data-start=\"3175\" data-end=\"3303\"><strong data-start=\"3177\" data-end=\"3196\">Transporte<\/strong>:<a href=\"https:\/\/discoversoller.com\/es\/eleven-pro-cars-alquiler-de-coches-de-lujo\/\"> Alquilar un coche<\/a> es una excelente opci\u00f3n para explorar la isla con libertad.<br> <\/li><li data-start=\"3304\" data-end=\"3433\"><strong data-start=\"3306\" data-end=\"3329\">Equipaje<\/strong>: Lleva ropa de abrigo para las noches fr\u00edas y ropa ligera para disfrutar del sol diurno.<br><\/li><\/ul>\t\t\t\t\t\t\t\t<\/div>\n\t\t\t\t<\/div>\n\t\t\t\t\t<\/div>\n\t\t\t\t<\/div>\n\t\t<div class=\"elementor-element elementor-element-b043ca5 e-flex e-con-boxed wpr-particle-no wpr-jarallax-no wpr-parallax-no wpr-sticky-section-no wpr-equal-height-no e-con e-parent\" data-id=\"b043ca5\" data-element_type=\"container\" data-e-type=\"container\">\n\t\t\t\t\t<div class=\"e-con-inner\">\n\t\t\t\t<div class=\"elementor-element elementor-element-4ffbdc6 elementor-widget elementor-widget-text-editor\" data-id=\"4ffbdc6\" data-element_type=\"widget\" data-e-type=\"widget\" data-widget_type=\"text-editor.default\">\n\t\t\t\t<div class=\"elementor-widget-container\">\n\t\t\t\t\t\t\t\t\t<p>En resumen, <strong data-start=\"3447\" data-end=\"3557\">febrero en Mallorca ofrece una armoniosa mezcla de belleza natural, riqueza cultural y ambiente tranquilo<\/strong>. Desde los <strong data-start=\"3568\" data-end=\"3587\">almendros en flor<\/strong> hasta la <strong data-start=\"3595\" data-end=\"3626\">Fiesta de la Luz<\/strong> en La Seu, es una \u00e9poca ideal para los viajeros que buscan una experiencia mediterr\u00e1nea tranquila y aut\u00e9ntica. <\/p>\t\t\t\t\t\t\t\t<\/div>\n\t\t\t\t<\/div>\n\t\t\t\t\t<\/div>\n\t\t\t\t<\/div>\n\t\t<div class=\"elementor-element elementor-element-1b472ce e-flex e-con-boxed wpr-particle-no wpr-jarallax-no wpr-parallax-no wpr-sticky-section-no wpr-equal-height-no e-con e-parent\" data-id=\"1b472ce\" data-element_type=\"container\" data-e-type=\"container\">\n\t\t\t\t\t<div class=\"e-con-inner\">\n\t\t<div class=\"elementor-element elementor-element-5651d3f e-con-full e-flex wpr-particle-no wpr-jarallax-no wpr-parallax-no wpr-sticky-section-no wpr-equal-height-no e-con e-child\" data-id=\"5651d3f\" data-element_type=\"container\" data-e-type=\"container\">\n\t\t\t\t<div class=\"elementor-element elementor-element-9dd4d2f elementor-grid-1 elementor-posts--align-center elementor-grid-tablet-2 elementor-grid-mobile-1 elementor-posts--thumbnail-top elementor-card-shadow-yes elementor-posts__hover-gradient elementor-widget elementor-widget-posts\" data-id=\"9dd4d2f\" data-element_type=\"widget\" data-e-type=\"widget\" data-settings=\"{&quot;cards_columns&quot;:&quot;1&quot;,&quot;cards_columns_tablet&quot;:&quot;2&quot;,&quot;cards_columns_mobile&quot;:&quot;1&quot;,&quot;cards_row_gap&quot;:{&quot;unit&quot;:&quot;px&quot;,&quot;size&quot;:35,&quot;sizes&quot;:[]},&quot;cards_row_gap_tablet&quot;:{&quot;unit&quot;:&quot;px&quot;,&quot;size&quot;:&quot;&quot;,&quot;sizes&quot;:[]},&quot;cards_row_gap_mobile&quot;:{&quot;unit&quot;:&quot;px&quot;,&quot;size&quot;:&quot;&quot;,&quot;sizes&quot;:[]}}\" data-widget_type=\"posts.cards\">\n\t\t\t\t<div class=\"elementor-widget-container\">\n\t\t\t\t\t\t\t<div class=\"elementor-posts-container elementor-posts elementor-posts--skin-cards elementor-grid\" role=\"list\">\n\t\t\t\t<article class=\"elementor-post elementor-grid-item post-7873 post type-post status-publish format-standard has-post-thumbnail hentry category-experiencias\" role=\"listitem\">\n\t\t\t<div class=\"elementor-post__card\">\n\t\t\t\t<a class=\"elementor-post__thumbnail__link\" href=\"https:\/\/discoversoller.com\/es\/donde-ver-almendros-en-flor-en-mallorca\/\" tabindex=\"-1\" ><div class=\"elementor-post__thumbnail\"><img decoding=\"async\" width=\"1024\" height=\"681\" src=\"https:\/\/discoversoller.com\/wp-content\/uploads\/2025\/02\/almond-blossoms-3440508_1280-1024x681.jpg\" class=\"attachment-large size-large wp-image-7765\" alt=\"Blooming almond tree in Mallorca, showcasing its delicate white and pink flowers against a scenic backdrop.\" srcset=\"https:\/\/discoversoller.com\/wp-content\/uploads\/2025\/02\/almond-blossoms-3440508_1280-1024x681.jpg 1024w, https:\/\/discoversoller.com\/wp-content\/uploads\/2025\/02\/almond-blossoms-3440508_1280-300x199.jpg 300w, https:\/\/discoversoller.com\/wp-content\/uploads\/2025\/02\/almond-blossoms-3440508_1280-768x511.jpg 768w, https:\/\/discoversoller.com\/wp-content\/uploads\/2025\/02\/almond-blossoms-3440508_1280-600x399.jpg 600w, https:\/\/discoversoller.com\/wp-content\/uploads\/2025\/02\/almond-blossoms-3440508_1280-800x532.jpg 800w, https:\/\/discoversoller.com\/wp-content\/uploads\/2025\/02\/almond-blossoms-3440508_1280-227x152.jpg 227w, https:\/\/discoversoller.com\/wp-content\/uploads\/2025\/02\/almond-blossoms-3440508_1280-143x96.jpg 143w, https:\/\/discoversoller.com\/wp-content\/uploads\/2025\/02\/almond-blossoms-3440508_1280-585x390.jpg 585w, https:\/\/discoversoller.com\/wp-content\/uploads\/2025\/02\/almond-blossoms-3440508_1280-385x257.jpg 385w, https:\/\/discoversoller.com\/wp-content\/uploads\/2025\/02\/almond-blossoms-3440508_1280.jpg 1280w\" sizes=\"(max-width: 1024px) 100vw, 1024px\" \/><\/div><\/a>\n\t\t\t\t<div class=\"elementor-post__text\">\n\t\t\t\t<h3 class=\"elementor-post__title\">\n\t\t\t<a href=\"https:\/\/discoversoller.com\/es\/donde-ver-almendros-en-flor-en-mallorca\/\" >\n\t\t\t\tD\u00f3nde ver almendros en flor en Mallorca\t\t\t<\/a>\n\t\t<\/h3>\n\t\t\n\t\t<a class=\"elementor-post__read-more\" href=\"https:\/\/discoversoller.com\/es\/donde-ver-almendros-en-flor-en-mallorca\/\" aria-label=\"M\u00e1s informaci\u00f3n sobre D\u00f3nde ver almendros en flor en Mallorca\" tabindex=\"-1\" >\n\t\t\tLeer m\u00e1s \u00bb\t\t<\/a>\n\n\t\t\t\t<\/div>\n\t\t\t\t\t<\/div>\n\t\t<\/article>\n\t\t\t\t<\/div>\n\t\t\n\t\t\t\t\t\t<\/div>\n\t\t\t\t<\/div>\n\t\t\t\t<\/div>\n\t\t<div class=\"elementor-element elementor-element-bdb537e e-con-full e-flex wpr-particle-no wpr-jarallax-no wpr-parallax-no wpr-sticky-section-no wpr-equal-height-no e-con e-child\" data-id=\"bdb537e\" data-element_type=\"container\" data-e-type=\"container\">\n\t\t<div class=\"elementor-element elementor-element-e1c3321 e-con-full e-flex wpr-particle-no wpr-jarallax-no wpr-parallax-no wpr-sticky-section-no wpr-equal-height-no e-con e-child\" data-id=\"e1c3321\" data-element_type=\"container\" data-e-type=\"container\">\n\t\t\t\t<\/div>\n\t\t\t\t<\/div>\n\t\t\t\t\t<\/div>\n\t\t\t\t<\/div>\n\t\t\t\t<\/div>\n\t\t","protected":false},"excerpt":{"rendered":"<p>Febrero en Mallorca Un Refugio Tranquilo en la Isla Febrero en Mallorca ofrece una combinaci\u00f3n \u00fanica de tranquilidad y belleza natural. A medida que el invierno se desvanece, la isla comienza a despertar con los primeros signos de la primavera. Los d\u00edas se alargan, permitiendo m\u00e1s tiempo para explorar los paisajes pintorescos. Uno de los espect\u00e1culos m\u00e1s encantadores de este mes es la floraci\u00f3n de los almendros, que cubren el campo con delicadas flores blancas y rosadas. Este fen\u00f3meno natural no solo realza la belleza de la isla, sino que tambi\u00e9n proporciona una atm\u00f3sfera serena para quienes buscan un retiro relajante. Clima Agradable para Actividades al Aire Libre El clima de febrero en Mallorca es relativamente suave, ideal para diversas actividades al aire libre. Con temperaturas diurnas de aproximadamente 15\u00b0C y unas 8 horas de sol al d\u00eda, es perfecto para practicar senderismo, ciclismo y hacer turismo. Sin embargo, las noches pueden ser fr\u00edas, con temperaturas que rondan los 5\u00b0C, por lo que se recomienda llevar una chaqueta abrigada para las salidas nocturnas. Explora las Festividades Culturales de Mallorca Febrero es un mes lleno de eventos culturales que permiten descubrir la esencia de Mallorca: Fira de S&#8217;Ametler (Feria de la Almendra): Celebrada en Son Servera, esta feria rinde homenaje a la cosecha de almendras con productos y artesan\u00edas elaborados a partir de este fruto. Sa Rua (Carnaval): Un animado carnaval con desfiles, m\u00fasica y coloridos disfraces que crean una atm\u00f3sfera festiva para locales y visitantes. Participar en estas festividades brinda la oportunidad de sumergirse en las ricas tradiciones de la isla. Festival de la Luz en La Seu Uno de los fen\u00f3menos m\u00e1s impresionantes de Mallorca tiene lugar en febrero en La Seu, la emblem\u00e1tica catedral g\u00f3tica de Palma. El 2 de febrero (Candelaria) y el 11 de noviembre (San Mart\u00edn), se produce un raro Festival de la Luz cuando el sol de la ma\u00f1ana se alinea perfectamente con el espectacular roset\u00f3n de la catedral, proyectando un luminoso reflejo directamente debajo de su hom\u00f3logo occidental, m\u00e1s peque\u00f1o.Traducci\u00f3n realizada con la versi\u00f3n gratuita del traductor DeepL.com Este acontecimiento \u00fanico crea un asombroso patr\u00f3n en forma de ocho, que atrae a visitantes de todo el mundo para presenciar esta extraordinaria interacci\u00f3n de luz y arquitectura. *Por lo dem\u00e1s, siempre es buena idea entrar en calor con un chocolate caliente y una coca de patata o un trozo de cuarto despu\u00e9s de un d\u00eda de exploraci\u00f3n. Para disfrutar del aut\u00e9ntico sabor de Mallorca, dir\u00edgete a Can Molinas, en Valldemossa, o a Can Joan de Saigo, en Palma, dos lugares muy apreciados por los mallorquines. Ventajas de Viajar Fuera de Temporada Visitar Mallorca en febrero significa descubrir la isla sin las multitudes tur\u00edsticas habituales. Esta temporada baja ofrece m\u00faltiples ventajas: Exploraci\u00f3n en Paz: Disfruta de los lugares emblem\u00e1ticos y la naturaleza en un ambiente tranquilo. Experiencia Local Aut\u00e9ntica: Con menos turistas, hay m\u00e1s oportunidades de interactuar con la comunidad local y conocer la vida mallorquina tradicional. Tarifas de alojamiento atractivas: Muchos hoteles y complejos tur\u00edsticos ofrecen precios competitivos durante este periodo, por lo que es un momento excelente para los viajeros con presupuesto ajustado. Haga clic AQU\u00cd para consultar nuestras ofertas. Consejos Pr\u00e1cticos para Viajar en Febrero Alojamiento: Aunque algunos hoteles cierran en invierno, muchos en Palma y otras localidades permanecen abiertos. Se recomienda reservar con antelaci\u00f3n. Transporte: Alquilar un coche es una excelente opci\u00f3n para explorar la isla con libertad. Equipaje: Lleva ropa de abrigo para las noches fr\u00edas y ropa ligera para disfrutar del sol diurno. En resumen, febrero en Mallorca ofrece una armoniosa mezcla de belleza natural, riqueza cultural y ambiente tranquilo. Desde los almendros en flor hasta la Fiesta de la Luz en La Seu, es una \u00e9poca ideal para los viajeros que buscan una experiencia mediterr\u00e1nea tranquila y aut\u00e9ntica.<\/p>\n","protected":false},"author":1,"featured_media":8531,"comment_status":"open","ping_status":"open","sticky":false,"template":"elementor_header_footer","format":"standard","meta":{"_monsterinsights_skip_tracking":false,"_monsterinsights_sitenote_active":false,"_monsterinsights_sitenote_note":"","_monsterinsights_sitenote_category":0,"footnotes":""},"categories":[217],"tags":[],"class_list":["post-8563","post","type-post","status-publish","format-standard","has-post-thumbnail","hentry","category-eventos"],"aioseo_notices":[],"_links":{"self":[{"href":"https:\/\/discoversoller.com\/es\/wp-json\/wp\/v2\/posts\/8563","targetHints":{"allow":["GET"]}}],"collection":[{"href":"https:\/\/discoversoller.com\/es\/wp-json\/wp\/v2\/posts"}],"about":[{"href":"https:\/\/discoversoller.com\/es\/wp-json\/wp\/v2\/types\/post"}],"author":[{"embeddable":true,"href":"https:\/\/discoversoller.com\/es\/wp-json\/wp\/v2\/users\/1"}],"replies":[{"embeddable":true,"href":"https:\/\/discoversoller.com\/es\/wp-json\/wp\/v2\/comments?post=8563"}],"version-history":[{"count":4,"href":"https:\/\/discoversoller.com\/es\/wp-json\/wp\/v2\/posts\/8563\/revisions"}],"predecessor-version":[{"id":8590,"href":"https:\/\/discoversoller.com\/es\/wp-json\/wp\/v2\/posts\/8563\/revisions\/8590"}],"wp:featuredmedia":[{"embeddable":true,"href":"https:\/\/discoversoller.com\/es\/wp-json\/wp\/v2\/media\/8531"}],"wp:attachment":[{"href":"https:\/\/discoversoller.com\/es\/wp-json\/wp\/v2\/media?parent=8563"}],"wp:term":[{"taxonomy":"category","embeddable":true,"href":"https:\/\/discoversoller.com\/es\/wp-json\/wp\/v2\/categories?post=8563"},{"taxonomy":"post_tag","embeddable":true,"href":"https:\/\/discoversoller.com\/es\/wp-json\/wp\/v2\/tags?post=8563"}],"curies":[{"name":"wp","href":"https:\/\/api.w.org\/{rel}","templated":true}]}}