{"id":8404,"date":"2025-02-15T12:05:37","date_gmt":"2025-02-15T11:05:37","guid":{"rendered":"https:\/\/discoversoller.com\/?page_id=8404"},"modified":"2026-02-09T16:09:36","modified_gmt":"2026-02-09T15:09:36","slug":"palacio-real-de-la-almudaina","status":"publish","type":"post","link":"https:\/\/discoversoller.com\/es\/palacio-real-de-la-almudaina\/","title":{"rendered":"Palacio Real de La Almudaina"},"content":{"rendered":"\t\t<div data-elementor-type=\"wp-page\" data-elementor-id=\"8404\" class=\"elementor elementor-8404 elementor-8364\" data-elementor-post-type=\"post\">\n\t\t\t\t<div class=\"elementor-element elementor-element-2716efd e-flex e-con-boxed wpr-particle-no wpr-jarallax-no wpr-parallax-no wpr-sticky-section-no wpr-equal-height-no e-con e-parent\" data-id=\"2716efd\" data-element_type=\"container\" data-e-type=\"container\">\n\t\t\t\t\t<div class=\"e-con-inner\">\n\t\t\t\t<div class=\"elementor-element elementor-element-4be1e3f elementor-skin-carousel elementor-arrows-yes elementor-pagination-type-bullets elementor-pagination-position-outside elementor-widget elementor-widget-media-carousel\" data-id=\"4be1e3f\" data-element_type=\"widget\" data-e-type=\"widget\" data-settings=\"{&quot;slides_per_view&quot;:&quot;1&quot;,&quot;skin&quot;:&quot;carousel&quot;,&quot;effect&quot;:&quot;slide&quot;,&quot;show_arrows&quot;:&quot;yes&quot;,&quot;pagination&quot;:&quot;bullets&quot;,&quot;speed&quot;:500,&quot;autoplay&quot;:&quot;yes&quot;,&quot;autoplay_speed&quot;:5000,&quot;loop&quot;:&quot;yes&quot;,&quot;pause_on_hover&quot;:&quot;yes&quot;,&quot;pause_on_interaction&quot;:&quot;yes&quot;,&quot;space_between&quot;:{&quot;unit&quot;:&quot;px&quot;,&quot;size&quot;:10,&quot;sizes&quot;:[]},&quot;space_between_tablet&quot;:{&quot;unit&quot;:&quot;px&quot;,&quot;size&quot;:10,&quot;sizes&quot;:[]},&quot;space_between_mobile&quot;:{&quot;unit&quot;:&quot;px&quot;,&quot;size&quot;:10,&quot;sizes&quot;:[]}}\" data-widget_type=\"media-carousel.default\">\n\t\t\t\t<div class=\"elementor-widget-container\">\n\t\t\t\t\t\t\t\t\t<div class=\"elementor-swiper\">\n\t\t\t\t\t<div class=\"elementor-main-swiper swiper\" role=\"region\" aria-roledescription=\"carousel\" aria-label=\"Slides\">\n\t\t\t\t<div class=\"swiper-wrapper\">\n\t\t\t\t\t\t\t\t\t\t\t<div class=\"swiper-slide\" role=\"group\" aria-roledescription=\"slide\">\n\t\t\t\t\t\t\t\t\t<div class=\"elementor-carousel-image\" role=\"img\" aria-label=\"The Royal Palace of La Almudaina in Palma de Mallorca, Spain\" style=\"background-image: url(&#039;https:\/\/discoversoller.com\/wp-content\/uploads\/2025\/02\/Almudaina-Royal-Palace-Palma.jpg&#039;)\">\n\n\t\t\t\n\t\t\t\t\t<\/div>\n\t\t\t\t\t\t\t\t<\/div>\n\t\t\t\t\t\t\t\t\t\t\t<div class=\"swiper-slide\" role=\"group\" aria-roledescription=\"slide\">\n\t\t\t\t\t\t\t\t\t<div class=\"elementor-carousel-image\" role=\"img\" aria-label=\"Majestic fa\u00e7ade of La Almudaina, the historic royal palace in Palma\" style=\"background-image: url(&#039;https:\/\/discoversoller.com\/wp-content\/uploads\/2025\/02\/FOTOGRAFIA-4-1.jpg&#039;)\">\n\n\t\t\t\n\t\t\t\t\t<\/div>\n\t\t\t\t\t\t\t\t<\/div>\n\t\t\t\t\t\t\t\t\t\t\t<div class=\"swiper-slide\" role=\"group\" aria-roledescription=\"slide\">\n\t\t\t\t\t\t\t\t\t<div class=\"elementor-carousel-image\" role=\"img\" aria-label=\"Ancient stone corridors inside La Almudaina, a blend of cultures\" style=\"background-image: url(&#039;https:\/\/discoversoller.com\/wp-content\/uploads\/2025\/02\/Almudaina-Royal-Palace-Palma-Mallorca.jpg&#039;)\">\n\n\t\t\t\n\t\t\t\t\t<\/div>\n\t\t\t\t\t\t\t\t<\/div>\n\t\t\t\t\t\t\t\t\t\t\t<div class=\"swiper-slide\" role=\"group\" aria-roledescription=\"slide\">\n\t\t\t\t\t\t\t\t\t<div class=\"elementor-carousel-image\" role=\"img\" aria-label=\"The grand halls of La Almudaina, once home to Mallorcan royalty\" style=\"background-image: url(&#039;https:\/\/discoversoller.com\/wp-content\/uploads\/2025\/02\/Almudaina-Palma-Habitaciones.jpg&#039;)\">\n\n\t\t\t\n\t\t\t\t\t<\/div>\n\t\t\t\t\t\t\t\t<\/div>\n\t\t\t\t\t\t\t\t\t<\/div>\n\t\t\t\t\t\t\t\t\t\t\t\t\t\t\t<div class=\"elementor-swiper-button elementor-swiper-button-prev\" role=\"button\" tabindex=\"0\" aria-label=\"Anterior\">\n\t\t\t\t\t\t\t<i aria-hidden=\"true\" class=\"eicon-chevron-left\"><\/i>\t\t\t\t\t\t<\/div>\n\t\t\t\t\t\t<div class=\"elementor-swiper-button elementor-swiper-button-next\" role=\"button\" tabindex=\"0\" aria-label=\"Siguiente\">\n\t\t\t\t\t\t\t<i aria-hidden=\"true\" class=\"eicon-chevron-right\"><\/i>\t\t\t\t\t\t<\/div>\n\t\t\t\t\t\t\t\t\t\t\t\t\t\t\t\t<div class=\"swiper-pagination\"><\/div>\n\t\t\t\t\t\t\t\t\t\t\t\t<\/div>\n\t\t\t\t<\/div>\n\t\t\t\t\t\t\t\t<\/div>\n\t\t\t\t<\/div>\n\t\t\t\t\t<\/div>\n\t\t\t\t<\/div>\n\t\t<div class=\"elementor-element elementor-element-8c08bd0 e-flex e-con-boxed wpr-particle-no wpr-jarallax-no wpr-parallax-no wpr-sticky-section-no wpr-equal-height-no e-con e-parent\" data-id=\"8c08bd0\" data-element_type=\"container\" data-e-type=\"container\">\n\t\t\t\t\t<div class=\"e-con-inner\">\n\t\t\t\t<div class=\"elementor-element elementor-element-b778a11 elementor-widget elementor-widget-heading\" data-id=\"b778a11\" data-element_type=\"widget\" data-e-type=\"widget\" data-widget_type=\"heading.default\">\n\t\t\t\t<div class=\"elementor-widget-container\">\n\t\t\t\t\t<h2 class=\"elementor-heading-title elementor-size-default\">Palacio Real de La Almudaina<\/h2>\t\t\t\t<\/div>\n\t\t\t\t<\/div>\n\t\t\t\t<div class=\"elementor-element elementor-element-f0ab36e elementor-widget elementor-widget-heading\" data-id=\"f0ab36e\" data-element_type=\"widget\" data-e-type=\"widget\" data-widget_type=\"heading.default\">\n\t\t\t\t<div class=\"elementor-widget-container\">\n\t\t\t\t\t<h2 class=\"elementor-heading-title elementor-size-default\">Un Viaje en el Tiempo: La Historia de La Almudaina<\/h2>\t\t\t\t<\/div>\n\t\t\t\t<\/div>\n\t\t\t\t<div class=\"elementor-element elementor-element-09c7e9b elementor-widget elementor-widget-text-editor\" data-id=\"09c7e9b\" data-element_type=\"widget\" data-e-type=\"widget\" data-widget_type=\"text-editor.default\">\n\t\t\t\t<div class=\"elementor-widget-container\">\n\t\t\t\t\t\t\t\t\t<p data-pm-slice=\"1 1 []\">Ubicado en el coraz\u00f3n de Palma de Mallorca, el <strong>Palacio Real de La Almudaina<\/strong> es un testimonio impresionante del rico legado cultural de la isla. Originalmente una <strong>fortaleza \u00e1rabe<\/strong>, fue transformada en un palacio real cristiano tras la conquista de Mallorca por el <strong>rey Jaime I de Arag\u00f3n<\/strong> en el siglo XIII. A lo largo de los siglos, ha sido la residencia oficial de los monarcas mallorquines y sigue siendo una de las <strong>residencias oficiales de la familia real espa\u00f1ola<\/strong> en la actualidad.  <\/p><p>Combinando <strong>influencias isl\u00e1micas, g\u00f3ticas y renacentistas<\/strong>, La Almudaina permite a sus visitantes sumergirse en la historia de Mallorca, mostrando su evoluci\u00f3n desde el dominio musulm\u00e1n hasta la soberan\u00eda cristiana. Aunque todav\u00eda se utiliza para eventos oficiales, el palacio est\u00e1 abierto al p\u00fablico, ofreciendo una oportunidad \u00fanica para explorar su fascinante historia. <\/p>\t\t\t\t\t\t\t\t<\/div>\n\t\t\t\t<\/div>\n\t\t\t\t\t<\/div>\n\t\t\t\t<\/div>\n\t\t<div class=\"elementor-element elementor-element-ca48cae e-flex e-con-boxed wpr-particle-no wpr-jarallax-no wpr-parallax-no wpr-sticky-section-no wpr-equal-height-no e-con e-parent\" data-id=\"ca48cae\" data-element_type=\"container\" data-e-type=\"container\">\n\t\t\t\t\t<div class=\"e-con-inner\">\n\t\t\t\t<div class=\"elementor-element elementor-element-98157be elementor-widget elementor-widget-heading\" data-id=\"98157be\" data-element_type=\"widget\" data-e-type=\"widget\" data-widget_type=\"heading.default\">\n\t\t\t\t<div class=\"elementor-widget-container\">\n\t\t\t\t\t<h2 class=\"elementor-heading-title elementor-size-default\">Aspectos Arquitect\u00f3nicos Destacados: Un Encuentro de Culturas<\/h2>\t\t\t\t<\/div>\n\t\t\t\t<\/div>\n\t\t\t\t<div class=\"elementor-element elementor-element-cdb8f02 elementor-widget elementor-widget-text-editor\" data-id=\"cdb8f02\" data-element_type=\"widget\" data-e-type=\"widget\" data-widget_type=\"text-editor.default\">\n\t\t\t\t<div class=\"elementor-widget-container\">\n\t\t\t\t\t\t\t\t\t<p data-pm-slice=\"1 1 []\">El <strong>Palacio Real de La Almudaina<\/strong> fusiona estilos arquitect\u00f3nicos de distintas \u00e9pocas, reflejando su prolongada y rica historia:<\/p><ul data-spread=\"false\"><li><p><strong>Influencia Morisca<\/strong>: Conserva elementos de su pasado isl\u00e1mico, como la estructura de la fortaleza y la distribuci\u00f3n de algunas estancias.<\/p><\/li><li><p><strong>Elementos G\u00f3ticos<\/strong>: Tras la conquista cristiana, el palacio fue remodelado en estilo <strong> g\u00f3tico catal\u00e1n<\/strong>, adquiriendo su apariencia actual.<\/p><\/li><li><p><strong>Adiciones Renacentistas y Barrocas<\/strong>: Modificaciones posteriores incorporaron detalles renacentistas y barrocos, enriqueciendo a\u00fan m\u00e1s su majestuosidad.<\/p><\/li><\/ul><p>Uno de los <strong>aspectos m\u00e1s destacados<\/strong> de La Almudaina es su <strong>gran sal\u00f3n, conocido como Sal\u00f3n del Tinell<\/strong>, decorado con imponentes arcos g\u00f3ticos. El palacio tambi\u00e9n alberga <strong>hermosos patios<\/strong>, como el <strong>Patio de Armas<\/strong>, que ofrece impresionantes vistas sobre la bah\u00eda de Palma. En su interior, los visitantes pueden admirar <strong>tapices medievales, muebles de \u00e9poca y decoraciones art\u00edsticas<\/strong>, que evocan la vida real a lo largo de los siglos.  <\/p>\t\t\t\t\t\t\t\t<\/div>\n\t\t\t\t<\/div>\n\t\t\t\t\t<\/div>\n\t\t\t\t<\/div>\n\t\t<div class=\"elementor-element elementor-element-b5a3647 e-flex e-con-boxed wpr-particle-no wpr-jarallax-no wpr-parallax-no wpr-sticky-section-no wpr-equal-height-no e-con e-parent\" data-id=\"b5a3647\" data-element_type=\"container\" data-e-type=\"container\">\n\t\t\t\t\t<div class=\"e-con-inner\">\n\t\t\t\t<div class=\"elementor-element elementor-element-82a4cba elementor-widget elementor-widget-gallery\" data-id=\"82a4cba\" data-element_type=\"widget\" data-e-type=\"widget\" data-settings=\"{&quot;columns&quot;:2,&quot;gap&quot;:{&quot;unit&quot;:&quot;px&quot;,&quot;size&quot;:1,&quot;sizes&quot;:[]},&quot;aspect_ratio&quot;:&quot;16:9&quot;,&quot;lazyload&quot;:&quot;yes&quot;,&quot;gallery_layout&quot;:&quot;grid&quot;,&quot;columns_tablet&quot;:2,&quot;columns_mobile&quot;:1,&quot;gap_tablet&quot;:{&quot;unit&quot;:&quot;px&quot;,&quot;size&quot;:10,&quot;sizes&quot;:[]},&quot;gap_mobile&quot;:{&quot;unit&quot;:&quot;px&quot;,&quot;size&quot;:10,&quot;sizes&quot;:[]},&quot;link_to&quot;:&quot;file&quot;,&quot;overlay_background&quot;:&quot;yes&quot;,&quot;content_hover_animation&quot;:&quot;fade-in&quot;}\" data-widget_type=\"gallery.default\">\n\t\t\t\t<div class=\"elementor-widget-container\">\n\t\t\t\t\t\t\t<div class=\"elementor-gallery__container\">\n\t\t\t\t\t\t\t<a class=\"e-gallery-item elementor-gallery-item elementor-animated-content\" href=\"https:\/\/discoversoller.com\/wp-content\/uploads\/2025\/02\/Almudaina.jpg\" data-elementor-open-lightbox=\"yes\" data-elementor-lightbox-slideshow=\"82a4cba\" data-elementor-lightbox-title=\"Almudaina\" data-e-action-hash=\"#elementor-action%3Aaction%3Dlightbox%26settings%3DeyJpZCI6ODM4NywidXJsIjoiaHR0cHM6XC9cL2Rpc2NvdmVyc29sbGVyLmNvbVwvd3AtY29udGVudFwvdXBsb2Fkc1wvMjAyNVwvMDJcL0FsbXVkYWluYS5qcGciLCJzbGlkZXNob3ciOiI4MmE0Y2JhIn0%3D\">\n\t\t\t\t\t<div class=\"e-gallery-image elementor-gallery-item__image\" data-thumbnail=\"https:\/\/discoversoller.com\/wp-content\/uploads\/2025\/02\/Almudaina-1024x427.jpg\" data-width=\"1024\" data-height=\"427\" aria-label=\"Gothic and Moorish architectural details of La Almudaina Palace\" role=\"img\" ><\/div>\n\t\t\t\t\t\t\t\t\t\t\t<div class=\"elementor-gallery-item__overlay\"><\/div>\n\t\t\t\t\t\t\t\t\t\t\t\t\t\t<\/a>\n\t\t\t\t\t\t\t<a class=\"e-gallery-item elementor-gallery-item elementor-animated-content\" href=\"https:\/\/discoversoller.com\/wp-content\/uploads\/2025\/02\/Almudaina-Palma-Islamic-influences.jpg\" data-elementor-open-lightbox=\"yes\" data-elementor-lightbox-slideshow=\"82a4cba\" data-elementor-lightbox-title=\"Almudaina Palma Islamic influences\" data-e-action-hash=\"#elementor-action%3Aaction%3Dlightbox%26settings%3DeyJpZCI6ODM5MCwidXJsIjoiaHR0cHM6XC9cL2Rpc2NvdmVyc29sbGVyLmNvbVwvd3AtY29udGVudFwvdXBsb2Fkc1wvMjAyNVwvMDJcL0FsbXVkYWluYS1QYWxtYS1Jc2xhbWljLWluZmx1ZW5jZXMuanBnIiwic2xpZGVzaG93IjoiODJhNGNiYSJ9\">\n\t\t\t\t\t<div class=\"e-gallery-image elementor-gallery-item__image\" data-thumbnail=\"https:\/\/discoversoller.com\/wp-content\/uploads\/2025\/02\/Almudaina-Palma-Islamic-influences-1024x427.jpg\" data-width=\"1024\" data-height=\"427\" aria-label=\"The grand halls of La Almudaina, once home to Mallorcan royalty\" role=\"img\" ><\/div>\n\t\t\t\t\t\t\t\t\t\t\t<div class=\"elementor-gallery-item__overlay\"><\/div>\n\t\t\t\t\t\t\t\t\t\t\t\t\t\t<\/a>\n\t\t\t\t\t<\/div>\n\t\t\t\t\t<\/div>\n\t\t\t\t<\/div>\n\t\t\t\t\t<\/div>\n\t\t\t\t<\/div>\n\t\t<div class=\"elementor-element elementor-element-f605aaa e-flex e-con-boxed wpr-particle-no wpr-jarallax-no wpr-parallax-no wpr-sticky-section-no wpr-equal-height-no e-con e-parent\" data-id=\"f605aaa\" data-element_type=\"container\" data-e-type=\"container\">\n\t\t\t\t\t<div class=\"e-con-inner\">\n\t\t\t\t<div class=\"elementor-element elementor-element-e2ff21d elementor-widget elementor-widget-heading\" data-id=\"e2ff21d\" data-element_type=\"widget\" data-e-type=\"widget\" data-widget_type=\"heading.default\">\n\t\t\t\t<div class=\"elementor-widget-container\">\n\t\t\t\t\t<h2 class=\"elementor-heading-title elementor-size-default\">Explorando La Almudaina: Qu\u00e9 Ver en su Interior<\/h2>\t\t\t\t<\/div>\n\t\t\t\t<\/div>\n\t\t\t\t<div class=\"elementor-element elementor-element-4a873e4 elementor-widget elementor-widget-text-editor\" data-id=\"4a873e4\" data-element_type=\"widget\" data-e-type=\"widget\" data-widget_type=\"text-editor.default\">\n\t\t\t\t<div class=\"elementor-widget-container\">\n\t\t\t\t\t\t\t\t\t<p data-pm-slice=\"1 3 []\">Al recorrer el <strong>Palacio Real de La Almudaina<\/strong>, descubrir\u00e1s:<\/p><ul data-spread=\"false\"><li><p><strong>Los Apartamentos Reales<\/strong>: Todav\u00eda utilizados por la monarqu\u00eda espa\u00f1ola para ceremonias y recepciones oficiales.<\/p><\/li><li><p><strong>La Capilla de Santa Ana<\/strong>: Una impresionante <strong>capilla de estilo g\u00f3tico<\/strong> que resalta la importancia religiosa del palacio.<\/p><\/li><li><p><strong>Los Jardines y las Vistas<\/strong>: Ofrecen una <strong>vista panor\u00e1mica<\/strong> del Mediterr\u00e1neo, perfecta para capturar fotograf\u00edas espectaculares.<\/p><\/li><\/ul>\t\t\t\t\t\t\t\t<\/div>\n\t\t\t\t<\/div>\n\t\t\t\t\t<\/div>\n\t\t\t\t<\/div>\n\t\t<div class=\"elementor-element elementor-element-52ce2b2 e-flex e-con-boxed wpr-particle-no wpr-jarallax-no wpr-parallax-no wpr-sticky-section-no wpr-equal-height-no e-con e-parent\" data-id=\"52ce2b2\" data-element_type=\"container\" data-e-type=\"container\">\n\t\t\t\t\t<div class=\"e-con-inner\">\n\t\t\t\t<div class=\"elementor-element elementor-element-ab85311 elementor-widget elementor-widget-heading\" data-id=\"ab85311\" data-element_type=\"widget\" data-e-type=\"widget\" data-widget_type=\"heading.default\">\n\t\t\t\t<div class=\"elementor-widget-container\">\n\t\t\t\t\t<h2 class=\"elementor-heading-title elementor-size-default\">Informaci\u00f3n para Visitantes: Entradas, Horarios y Detalles Pr\u00e1cticos<\/h2>\t\t\t\t<\/div>\n\t\t\t\t<\/div>\n\t\t\t\t<div class=\"elementor-element elementor-element-d12f28b elementor-widget elementor-widget-text-editor\" data-id=\"d12f28b\" data-element_type=\"widget\" data-e-type=\"widget\" data-widget_type=\"text-editor.default\">\n\t\t\t\t<div class=\"elementor-widget-container\">\n\t\t\t\t\t\t\t\t\t<p data-pm-slice=\"1 1 []\">Si planeas visitar el <strong>Palacio Real de La Almudaina<\/strong>, aqu\u00ed tienes la informaci\u00f3n esencial:<\/p><p><strong>Horario de apertura:<\/strong><\/p><ul data-spread=\"false\"><li><p><strong>Temporada de Invierno (octubre a marzo):<\/strong><\/p><ul data-spread=\"false\"><li><p>Martes a domingo: <strong>10:00 &#8211; 18:00<\/strong><\/p><\/li><li><p><strong>Cerrado los lunes<\/strong><\/p><\/li><\/ul><\/li><li><p><strong>Temporada de Verano (abril a septiembre):<\/strong><\/p><ul data-spread=\"false\"><li><p>Martes a domingo: <strong>10:00 &#8211; 19:00<\/strong><\/p><\/li><li><p><strong>Cerrado los lunes<\/strong><\/p><\/li><\/ul><\/li><\/ul><p>\ud83d\udccc <em>\u00daltima entrada una hora antes del cierre.<\/em><\/p><p><strong>Precio entradas:<\/strong><\/p><ul data-spread=\"false\"><li><p><strong>Entrada general:<\/strong> \u20ac7.00<\/p><\/li><li><p><strong>Entrada reducida:<\/strong> \u20ac4.00 (for eligible groups)<\/p><\/li><li><p><strong>Entrada Gratuita<\/strong>: Para <strong>ciudadanos de la UE<\/strong> los <strong>mi\u00e9rcoles y domingos de 15:00 a 18:00<\/strong><\/p><\/li><\/ul><p>Para informaci\u00f3n actualizada sobre entradas y posibles cambios, visita la <strong>p\u00e1gina oficial<\/strong>: <a href=\"https:\/\/www.patrimonionacional.es\/en\/visita\/royal-palace-la-almudaina\">Patrimonio Nacional<\/a><\/p><p><strong>\u00bfPor Qu\u00e9 Visitar La Almudaina?<\/strong><\/p><p>El <strong>Palacio Real de La Almudaina<\/strong> no es solo un monumento, sino un <strong>fragmento vivo de la historia<\/strong> que refleja el pasado fascinante de Mallorca. Tanto si eres un <strong>apasionado de la historia, un amante de la arquitectura o un viajero en busca de experiencias culturales<\/strong> en Palma, este palacio es un <strong>destino imprescindible<\/strong>. <\/p><p data-start=\"3640\" data-end=\"3713\">\ud83d\udccd <strong data-start=\"3643\" data-end=\"3656\">Ubicaci\u00f3n<\/strong>: Junto a la <a href=\"https:\/\/discoversoller.com\/es\/la-catedral-de-palma-la-seu-de-santa-maria\/\">Catedral de Palma<\/a>, en el coraz\u00f3n del casco antiguo.<\/p>\t\t\t\t\t\t\t\t<\/div>\n\t\t\t\t<\/div>\n\t\t\t\t\t<\/div>\n\t\t\t\t<\/div>\n\t\t<div class=\"elementor-element elementor-element-db340ab e-flex e-con-boxed wpr-particle-no wpr-jarallax-no wpr-parallax-no wpr-sticky-section-no wpr-equal-height-no e-con e-parent\" data-id=\"db340ab\" data-element_type=\"container\" data-e-type=\"container\">\n\t\t\t\t\t<div class=\"e-con-inner\">\n\t\t\t\t<div class=\"elementor-element elementor-element-75048e0 elementor-posts--align-center elementor-grid-3 elementor-grid-tablet-2 elementor-grid-mobile-1 elementor-posts--thumbnail-top elementor-card-shadow-yes elementor-posts__hover-gradient elementor-widget elementor-widget-posts\" data-id=\"75048e0\" data-element_type=\"widget\" data-e-type=\"widget\" data-settings=\"{&quot;cards_columns&quot;:&quot;3&quot;,&quot;cards_columns_tablet&quot;:&quot;2&quot;,&quot;cards_columns_mobile&quot;:&quot;1&quot;,&quot;cards_row_gap&quot;:{&quot;unit&quot;:&quot;px&quot;,&quot;size&quot;:35,&quot;sizes&quot;:[]},&quot;cards_row_gap_tablet&quot;:{&quot;unit&quot;:&quot;px&quot;,&quot;size&quot;:&quot;&quot;,&quot;sizes&quot;:[]},&quot;cards_row_gap_mobile&quot;:{&quot;unit&quot;:&quot;px&quot;,&quot;size&quot;:&quot;&quot;,&quot;sizes&quot;:[]}}\" data-widget_type=\"posts.cards\">\n\t\t\t\t<div class=\"elementor-widget-container\">\n\t\t\t\t\t\t\t<div class=\"elementor-posts-container elementor-posts elementor-posts--skin-cards elementor-grid\" role=\"list\">\n\t\t\t\t<article class=\"elementor-post elementor-grid-item post-8102 post type-post status-publish format-standard has-post-thumbnail hentry category-experiencias\" role=\"listitem\">\n\t\t\t<div class=\"elementor-post__card\">\n\t\t\t\t<a class=\"elementor-post__thumbnail__link\" href=\"https:\/\/discoversoller.com\/es\/la-catedral-de-palma-la-seu-de-santa-maria\/\" tabindex=\"-1\" ><div class=\"elementor-post__thumbnail\"><img fetchpriority=\"high\" decoding=\"async\" width=\"1000\" height=\"667\" src=\"https:\/\/discoversoller.com\/wp-content\/uploads\/2024\/06\/Catedral-La-Seu-Palma.jpg\" class=\"attachment-large size-large wp-image-4656\" alt=\"Cathedral of Palma de Mallorca, a must-visit\" srcset=\"https:\/\/discoversoller.com\/wp-content\/uploads\/2024\/06\/Catedral-La-Seu-Palma.jpg 1000w, https:\/\/discoversoller.com\/wp-content\/uploads\/2024\/06\/Catedral-La-Seu-Palma-600x400.jpg 600w, https:\/\/discoversoller.com\/wp-content\/uploads\/2024\/06\/Catedral-La-Seu-Palma-300x200.jpg 300w, https:\/\/discoversoller.com\/wp-content\/uploads\/2024\/06\/Catedral-La-Seu-Palma-768x512.jpg 768w, https:\/\/discoversoller.com\/wp-content\/uploads\/2024\/06\/Catedral-La-Seu-Palma-800x534.jpg 800w, https:\/\/discoversoller.com\/wp-content\/uploads\/2024\/06\/Catedral-La-Seu-Palma-227x152.jpg 227w, https:\/\/discoversoller.com\/wp-content\/uploads\/2024\/06\/Catedral-La-Seu-Palma-143x96.jpg 143w, https:\/\/discoversoller.com\/wp-content\/uploads\/2024\/06\/Catedral-La-Seu-Palma-585x390.jpg 585w, https:\/\/discoversoller.com\/wp-content\/uploads\/2024\/06\/Catedral-La-Seu-Palma-385x257.jpg 385w\" sizes=\"(max-width: 1000px) 100vw, 1000px\" \/><\/div><\/a>\n\t\t\t\t<div class=\"elementor-post__text\">\n\t\t\t\t<h3 class=\"elementor-post__title\">\n\t\t\t<a href=\"https:\/\/discoversoller.com\/es\/la-catedral-de-palma-la-seu-de-santa-maria\/\" >\n\t\t\t\tLa Catedral de Palma &#8211; La Seu de Santa Mar\u00eda\t\t\t<\/a>\n\t\t<\/h3>\n\t\t\n\t\t<a class=\"elementor-post__read-more\" href=\"https:\/\/discoversoller.com\/es\/la-catedral-de-palma-la-seu-de-santa-maria\/\" aria-label=\"M\u00e1s informaci\u00f3n sobre La Catedral de Palma &#8211; La Seu de Santa Mar\u00eda\" tabindex=\"-1\" >\n\t\t\tLeer m\u00e1s \u00bb\t\t<\/a>\n\n\t\t\t\t<\/div>\n\t\t\t\t\t<\/div>\n\t\t<\/article>\n\t\t\t\t<article class=\"elementor-post elementor-grid-item post-8167 post type-post status-publish format-standard has-post-thumbnail hentry category-viaje\" role=\"listitem\">\n\t\t\t<div class=\"elementor-post__card\">\n\t\t\t\t<a class=\"elementor-post__thumbnail__link\" href=\"https:\/\/discoversoller.com\/es\/la-cartuja-de-valldemossa\/\" tabindex=\"-1\" ><div class=\"elementor-post__thumbnail\"><img decoding=\"async\" width=\"640\" height=\"960\" src=\"https:\/\/discoversoller.com\/wp-content\/uploads\/2025\/02\/cartuja-valldemossa.jpg\" class=\"attachment-large size-large wp-image-8137\" alt=\"The famous Royal Carthusian Monastery of Valldemossa.\" srcset=\"https:\/\/discoversoller.com\/wp-content\/uploads\/2025\/02\/cartuja-valldemossa.jpg 640w, https:\/\/discoversoller.com\/wp-content\/uploads\/2025\/02\/cartuja-valldemossa-200x300.jpg 200w, https:\/\/discoversoller.com\/wp-content\/uploads\/2025\/02\/cartuja-valldemossa-600x900.jpg 600w\" sizes=\"(max-width: 640px) 100vw, 640px\" \/><\/div><\/a>\n\t\t\t\t<div class=\"elementor-post__text\">\n\t\t\t\t<h3 class=\"elementor-post__title\">\n\t\t\t<a href=\"https:\/\/discoversoller.com\/es\/la-cartuja-de-valldemossa\/\" >\n\t\t\t\tLa Cartuja de Valldemossa\t\t\t<\/a>\n\t\t<\/h3>\n\t\t\n\t\t<a class=\"elementor-post__read-more\" href=\"https:\/\/discoversoller.com\/es\/la-cartuja-de-valldemossa\/\" aria-label=\"M\u00e1s informaci\u00f3n sobre La Cartuja de Valldemossa\" tabindex=\"-1\" >\n\t\t\tLeer m\u00e1s \u00bb\t\t<\/a>\n\n\t\t\t\t<\/div>\n\t\t\t\t\t<\/div>\n\t\t<\/article>\n\t\t\t\t<\/div>\n\t\t\n\t\t\t\t\t\t<\/div>\n\t\t\t\t<\/div>\n\t\t\t\t\t<\/div>\n\t\t\t\t<\/div>\n\t\t\t\t<\/div>\n\t\t","protected":false},"excerpt":{"rendered":"<p>Palacio Real de La Almudaina Un Viaje en el Tiempo: La Historia de La Almudaina Ubicado en el coraz\u00f3n de Palma de Mallorca, el Palacio Real de La Almudaina es un testimonio impresionante del rico legado cultural de la isla. Originalmente una fortaleza \u00e1rabe, fue transformada en un palacio real cristiano tras la conquista de Mallorca por el rey Jaime I de Arag\u00f3n en el siglo XIII. A lo largo de los siglos, ha sido la residencia oficial de los monarcas mallorquines y sigue siendo una de las residencias oficiales de la familia real espa\u00f1ola en la actualidad. Combinando influencias isl\u00e1micas, g\u00f3ticas y renacentistas, La Almudaina permite a sus visitantes sumergirse en la historia de Mallorca, mostrando su evoluci\u00f3n desde el dominio musulm\u00e1n hasta la soberan\u00eda cristiana. Aunque todav\u00eda se utiliza para eventos oficiales, el palacio est\u00e1 abierto al p\u00fablico, ofreciendo una oportunidad \u00fanica para explorar su fascinante historia. Aspectos Arquitect\u00f3nicos Destacados: Un Encuentro de Culturas El Palacio Real de La Almudaina fusiona estilos arquitect\u00f3nicos de distintas \u00e9pocas, reflejando su prolongada y rica historia: Influencia Morisca: Conserva elementos de su pasado isl\u00e1mico, como la estructura de la fortaleza y la distribuci\u00f3n de algunas estancias. Elementos G\u00f3ticos: Tras la conquista cristiana, el palacio fue remodelado en estilo g\u00f3tico catal\u00e1n, adquiriendo su apariencia actual. Adiciones Renacentistas y Barrocas: Modificaciones posteriores incorporaron detalles renacentistas y barrocos, enriqueciendo a\u00fan m\u00e1s su majestuosidad. Uno de los aspectos m\u00e1s destacados de La Almudaina es su gran sal\u00f3n, conocido como Sal\u00f3n del Tinell, decorado con imponentes arcos g\u00f3ticos. El palacio tambi\u00e9n alberga hermosos patios, como el Patio de Armas, que ofrece impresionantes vistas sobre la bah\u00eda de Palma. En su interior, los visitantes pueden admirar tapices medievales, muebles de \u00e9poca y decoraciones art\u00edsticas, que evocan la vida real a lo largo de los siglos. Explorando La Almudaina: Qu\u00e9 Ver en su Interior Al recorrer el Palacio Real de La Almudaina, descubrir\u00e1s: Los Apartamentos Reales: Todav\u00eda utilizados por la monarqu\u00eda espa\u00f1ola para ceremonias y recepciones oficiales. La Capilla de Santa Ana: Una impresionante capilla de estilo g\u00f3tico que resalta la importancia religiosa del palacio. Los Jardines y las Vistas: Ofrecen una vista panor\u00e1mica del Mediterr\u00e1neo, perfecta para capturar fotograf\u00edas espectaculares. Informaci\u00f3n para Visitantes: Entradas, Horarios y Detalles Pr\u00e1cticos Si planeas visitar el Palacio Real de La Almudaina, aqu\u00ed tienes la informaci\u00f3n esencial: Horario de apertura: Temporada de Invierno (octubre a marzo): Martes a domingo: 10:00 &#8211; 18:00 Cerrado los lunes Temporada de Verano (abril a septiembre): Martes a domingo: 10:00 &#8211; 19:00 Cerrado los lunes \ud83d\udccc \u00daltima entrada una hora antes del cierre. Precio entradas: Entrada general: \u20ac7.00 Entrada reducida: \u20ac4.00 (for eligible groups) Entrada Gratuita: Para ciudadanos de la UE los mi\u00e9rcoles y domingos de 15:00 a 18:00 Para informaci\u00f3n actualizada sobre entradas y posibles cambios, visita la p\u00e1gina oficial: Patrimonio Nacional \u00bfPor Qu\u00e9 Visitar La Almudaina? El Palacio Real de La Almudaina no es solo un monumento, sino un fragmento vivo de la historia que refleja el pasado fascinante de Mallorca. Tanto si eres un apasionado de la historia, un amante de la arquitectura o un viajero en busca de experiencias culturales en Palma, este palacio es un destino imprescindible. \ud83d\udccd Ubicaci\u00f3n: Junto a la Catedral de Palma, en el coraz\u00f3n del casco antiguo.<\/p>\n","protected":false},"author":1,"featured_media":8367,"comment_status":"closed","ping_status":"closed","sticky":false,"template":"elementor_header_footer","format":"standard","meta":{"_monsterinsights_skip_tracking":false,"_monsterinsights_sitenote_active":false,"_monsterinsights_sitenote_note":"","_monsterinsights_sitenote_category":0,"footnotes":""},"categories":[220],"tags":[],"class_list":["post-8404","post","type-post","status-publish","format-standard","has-post-thumbnail","hentry","category-viaje"],"aioseo_notices":[],"_links":{"self":[{"href":"https:\/\/discoversoller.com\/es\/wp-json\/wp\/v2\/posts\/8404","targetHints":{"allow":["GET"]}}],"collection":[{"href":"https:\/\/discoversoller.com\/es\/wp-json\/wp\/v2\/posts"}],"about":[{"href":"https:\/\/discoversoller.com\/es\/wp-json\/wp\/v2\/types\/post"}],"author":[{"embeddable":true,"href":"https:\/\/discoversoller.com\/es\/wp-json\/wp\/v2\/users\/1"}],"replies":[{"embeddable":true,"href":"https:\/\/discoversoller.com\/es\/wp-json\/wp\/v2\/comments?post=8404"}],"version-history":[{"count":3,"href":"https:\/\/discoversoller.com\/es\/wp-json\/wp\/v2\/posts\/8404\/revisions"}],"predecessor-version":[{"id":11294,"href":"https:\/\/discoversoller.com\/es\/wp-json\/wp\/v2\/posts\/8404\/revisions\/11294"}],"wp:featuredmedia":[{"embeddable":true,"href":"https:\/\/discoversoller.com\/es\/wp-json\/wp\/v2\/media\/8367"}],"wp:attachment":[{"href":"https:\/\/discoversoller.com\/es\/wp-json\/wp\/v2\/media?parent=8404"}],"wp:term":[{"taxonomy":"category","embeddable":true,"href":"https:\/\/discoversoller.com\/es\/wp-json\/wp\/v2\/categories?post=8404"},{"taxonomy":"post_tag","embeddable":true,"href":"https:\/\/discoversoller.com\/es\/wp-json\/wp\/v2\/tags?post=8404"}],"curies":[{"name":"wp","href":"https:\/\/api.w.org\/{rel}","templated":true}]}}