{"id":7873,"date":"2025-02-03T14:29:00","date_gmt":"2025-02-03T13:29:00","guid":{"rendered":"https:\/\/discoversoller.com\/donde-ver-almendros-en-flor-en-mallorca\/"},"modified":"2026-02-09T16:06:03","modified_gmt":"2026-02-09T15:06:03","slug":"donde-ver-almendros-en-flor-en-mallorca","status":"publish","type":"post","link":"https:\/\/discoversoller.com\/es\/donde-ver-almendros-en-flor-en-mallorca\/","title":{"rendered":"D\u00f3nde ver almendros en flor en Mallorca"},"content":{"rendered":"\t\t<div data-elementor-type=\"wp-post\" data-elementor-id=\"7873\" class=\"elementor elementor-7873 elementor-7762\" data-elementor-post-type=\"post\">\n\t\t\t\t<div class=\"elementor-element elementor-element-934fe61 e-flex e-con-boxed wpr-particle-no wpr-jarallax-no wpr-parallax-no wpr-sticky-section-no wpr-equal-height-no e-con e-parent\" data-id=\"934fe61\" data-element_type=\"container\" data-e-type=\"container\">\n\t\t\t\t\t<div class=\"e-con-inner\">\n\t\t\t\t<div class=\"elementor-element elementor-element-181ad30 elementor-widget elementor-widget-heading\" data-id=\"181ad30\" data-element_type=\"widget\" data-e-type=\"widget\" data-widget_type=\"heading.default\">\n\t\t\t\t<div class=\"elementor-widget-container\">\n\t\t\t\t\t<h2 class=\"elementor-heading-title elementor-size-default\">Almendros en flor en Mallorca<\/h2>\t\t\t\t<\/div>\n\t\t\t\t<\/div>\n\t\t\t\t\t<\/div>\n\t\t\t\t<\/div>\n\t\t<div class=\"elementor-element elementor-element-398e0c8 e-flex e-con-boxed wpr-particle-no wpr-jarallax-no wpr-parallax-no wpr-sticky-section-no wpr-equal-height-no e-con e-parent\" data-id=\"398e0c8\" data-element_type=\"container\" data-e-type=\"container\">\n\t\t\t\t\t<div class=\"e-con-inner\">\n\t\t\t\t<div class=\"elementor-element elementor-element-8c2cece elementor-widget elementor-widget-text-editor\" data-id=\"8c2cece\" data-element_type=\"widget\" data-e-type=\"widget\" data-widget_type=\"text-editor.default\">\n\t\t\t\t<div class=\"elementor-widget-container\">\n\t\t\t\t\t\t\t\t\t<p>Cada a\u00f1o, desde finales de enero hasta mediados de marzo, Mallorca se transforma en un impresionante mar de tonos blancos y rosados cuando miles de almendros florecen.<\/p><p>Este espect\u00e1culo natural es uno de los lugares m\u00e1s bellos de la isla y atrae a amantes de la naturaleza, fot\u00f3grafos y visitantes deseosos de experimentar la esencia del campo mallorqu\u00edn. <\/p>\t\t\t\t\t\t\t\t<\/div>\n\t\t\t\t<\/div>\n\t\t\t\t\t<\/div>\n\t\t\t\t<\/div>\n\t\t<div class=\"elementor-element elementor-element-6bc81f2 e-flex e-con-boxed wpr-particle-no wpr-jarallax-no wpr-parallax-no wpr-sticky-section-no wpr-equal-height-no e-con e-parent\" data-id=\"6bc81f2\" data-element_type=\"container\" data-e-type=\"container\">\n\t\t\t\t\t<div class=\"e-con-inner\">\n\t\t\t\t<div class=\"elementor-element elementor-element-1f3959c elementor-cta--skin-classic elementor-animated-content elementor-bg-transform elementor-bg-transform-zoom-in elementor-widget elementor-widget-call-to-action\" data-id=\"1f3959c\" data-element_type=\"widget\" data-e-type=\"widget\" data-widget_type=\"call-to-action.default\">\n\t\t\t\t<div class=\"elementor-widget-container\">\n\t\t\t\t\t\t\t<div class=\"elementor-cta\">\n\t\t\t\t\t<div class=\"elementor-cta__bg-wrapper\">\n\t\t\t\t<div class=\"elementor-cta__bg elementor-bg\" style=\"background-image: url(https:\/\/discoversoller.com\/wp-content\/uploads\/2025\/02\/alcazar_boutique_hotel-29-1024x576.jpg);\" role=\"img\" aria-label=\"Relaxing garden terrace at the Alc\u00e1zar Hotel S\u00f3ller.\"><\/div>\n\t\t\t\t<div class=\"elementor-cta__bg-overlay\"><\/div>\n\t\t\t<\/div>\n\t\t\t\t\t\t\t<div class=\"elementor-cta__content\">\n\t\t\t\t\n\t\t\t\t\t\t\t\t\t<h2 class=\"elementor-cta__title elementor-cta__content-item elementor-content-item\">\n\t\t\t\t\t\tDESCUENTOS EN HOTELES DE MALLORCA\t\t\t\t\t<\/h2>\n\t\t\t\t\n\t\t\t\t\t\t\t\t\t<div class=\"elementor-cta__description elementor-cta__content-item elementor-content-item\">\n\t\t\t\t\t\tUTILIZA NUESTROS C\u00d3DIGOS PROMOCIONALES Y OBT\u00c9N UN DESCUENTO EN EL HOTEL \t\t\t\t\t<\/div>\n\t\t\t\t\n\t\t\t\t\t\t\t\t\t<div class=\"elementor-cta__button-wrapper elementor-cta__content-item elementor-content-item \">\n\t\t\t\t\t<a class=\"elementor-cta__button elementor-button elementor-size-\" href=\"https:\/\/discoversoller.com\/es\/ofertas\/\">\n\t\t\t\t\t\tHaz clic aqu\u00ed. \t\t\t\t\t<\/a>\n\t\t\t\t\t<\/div>\n\t\t\t\t\t\t\t<\/div>\n\t\t\t\t\t\t<\/div>\n\t\t\t\t\t\t<\/div>\n\t\t\t\t<\/div>\n\t\t\t\t\t<\/div>\n\t\t\t\t<\/div>\n\t\t<div class=\"elementor-element elementor-element-141b291 e-flex e-con-boxed wpr-particle-no wpr-jarallax-no wpr-parallax-no wpr-sticky-section-no wpr-equal-height-no e-con e-parent\" data-id=\"141b291\" data-element_type=\"container\" data-e-type=\"container\">\n\t\t\t\t\t<div class=\"e-con-inner\">\n\t\t\t\t<div class=\"elementor-element elementor-element-456e968 elementor-widget elementor-widget-text-editor\" data-id=\"456e968\" data-element_type=\"widget\" data-e-type=\"widget\" data-widget_type=\"text-editor.default\">\n\t\t\t\t<div class=\"elementor-widget-container\">\n\t\t\t\t\t\t\t\t\t<p>En su coraz\u00f3n se encuentra la regi\u00f3n almendrera m\u00e1s f\u00e9rtil de la isla, que abarca zonas como <strong>Marratx\u00ed, Bunyola, Santa Mar\u00eda, Sencelles, Lloseta<\/strong> y <strong>Selva<\/strong>.<\/p>\t\t\t\t\t\t\t\t<\/div>\n\t\t\t\t<\/div>\n\t\t\t\t<div class=\"elementor-element elementor-element-bdf67dd elementor-widget elementor-widget-gallery\" data-id=\"bdf67dd\" data-element_type=\"widget\" data-e-type=\"widget\" data-settings=\"{&quot;columns&quot;:2,&quot;gap&quot;:{&quot;unit&quot;:&quot;px&quot;,&quot;size&quot;:2,&quot;sizes&quot;:[]},&quot;aspect_ratio&quot;:&quot;1:1&quot;,&quot;lazyload&quot;:&quot;yes&quot;,&quot;gallery_layout&quot;:&quot;grid&quot;,&quot;columns_tablet&quot;:2,&quot;columns_mobile&quot;:1,&quot;gap_tablet&quot;:{&quot;unit&quot;:&quot;px&quot;,&quot;size&quot;:10,&quot;sizes&quot;:[]},&quot;gap_mobile&quot;:{&quot;unit&quot;:&quot;px&quot;,&quot;size&quot;:10,&quot;sizes&quot;:[]},&quot;overlay_background&quot;:&quot;yes&quot;,&quot;content_hover_animation&quot;:&quot;fade-in&quot;}\" data-widget_type=\"gallery.default\">\n\t\t\t\t<div class=\"elementor-widget-container\">\n\t\t\t\t\t\t\t<div class=\"elementor-gallery__container\">\n\t\t\t\t\t\t\t<div class=\"e-gallery-item elementor-gallery-item elementor-animated-content\">\n\t\t\t\t\t<div class=\"e-gallery-image elementor-gallery-item__image\" data-thumbnail=\"https:\/\/discoversoller.com\/wp-content\/uploads\/2025\/02\/arno-smit-sKJ7zSylUao-unsplash-1024x640.jpg\" data-width=\"1024\" data-height=\"640\" aria-label=\"Blooming almond tree in Mallorca, showcasing its delicate white and pink flowers against a scenic backdrop.\" role=\"img\" ><\/div>\n\t\t\t\t\t\t\t\t\t\t\t<div class=\"elementor-gallery-item__overlay\"><\/div>\n\t\t\t\t\t\t\t\t\t\t\t\t\t\t<\/div>\n\t\t\t\t\t\t\t<div class=\"e-gallery-item elementor-gallery-item elementor-animated-content\">\n\t\t\t\t\t<div class=\"e-gallery-image elementor-gallery-item__image\" data-thumbnail=\"https:\/\/discoversoller.com\/wp-content\/uploads\/2025\/02\/hanna-hFrSlnzBR48-unsplash-683x1024.jpg\" data-width=\"683\" data-height=\"1024\" aria-label=\"Multiple almond trees in bloom, displaying their delicate white and pink flowers in the serene Mallorcan landscape.\" role=\"img\" ><\/div>\n\t\t\t\t\t\t\t\t\t\t\t<div class=\"elementor-gallery-item__overlay\"><\/div>\n\t\t\t\t\t\t\t\t\t\t\t\t\t\t<\/div>\n\t\t\t\t\t<\/div>\n\t\t\t\t\t<\/div>\n\t\t\t\t<\/div>\n\t\t\t\t\t<\/div>\n\t\t\t\t<\/div>\n\t\t<div class=\"elementor-element elementor-element-f059ccb e-flex e-con-boxed wpr-particle-no wpr-jarallax-no wpr-parallax-no wpr-sticky-section-no wpr-equal-height-no e-con e-parent\" data-id=\"f059ccb\" data-element_type=\"container\" data-e-type=\"container\">\n\t\t\t\t\t<div class=\"e-con-inner\">\n\t\t\t\t<div class=\"elementor-element elementor-element-327fe2c elementor-widget elementor-widget-text-editor\" data-id=\"327fe2c\" data-element_type=\"widget\" data-e-type=\"widget\" data-widget_type=\"text-editor.default\">\n\t\t\t\t<div class=\"elementor-widget-container\">\n\t\t\t\t\t\t\t\t\t<p>La parte suroeste de la isla tambi\u00e9n merece atenci\u00f3n, especialmente los municipios de <strong>Manacor, Sant Lloren\u00e7 des Cardassar<\/strong> y <strong>Son Servera<\/strong>, aunque se pueden encontrar almendros por toda Mallorca.<\/p><p>Sin embargo, si <strong>desea caminar y descubrirla<\/strong>, las rutas m\u00e1s recomendables son:<\/p><p><strong>Es Capdell\u00e1 &#8211; Puig Galatz\u00f3<\/strong><br><strong>Alar\u00f3 &#8211; Castillo Alar\u00f3<\/strong><br><strong>Puig de Ses Bruixes en Llucmajor<\/strong><\/p>\t\t\t\t\t\t\t\t<\/div>\n\t\t\t\t<\/div>\n\t\t\t\t\t<\/div>\n\t\t\t\t<\/div>\n\t\t<div class=\"elementor-element elementor-element-f9113cf e-flex e-con-boxed wpr-particle-no wpr-jarallax-no wpr-parallax-no wpr-sticky-section-no wpr-equal-height-no e-con e-parent\" data-id=\"f9113cf\" data-element_type=\"container\" data-e-type=\"container\" data-settings=\"{&quot;background_background&quot;:&quot;classic&quot;}\">\n\t\t\t\t\t<div class=\"e-con-inner\">\n\t\t<div class=\"elementor-element elementor-element-a30e19b e-con-full e-flex wpr-particle-no wpr-jarallax-no wpr-parallax-no wpr-sticky-section-no wpr-equal-height-no e-con e-child\" data-id=\"a30e19b\" data-element_type=\"container\" data-e-type=\"container\">\n\t\t\t\t<div class=\"elementor-element elementor-element-c745553 elementor-widget elementor-widget-text-editor\" data-id=\"c745553\" data-element_type=\"widget\" data-e-type=\"widget\" data-widget_type=\"text-editor.default\">\n\t\t\t\t<div class=\"elementor-widget-container\">\n\t\t\t\t\t\t\t\t\t<p>Una de las mejores formas de vivir este impresionante acontecimiento natural es realizar un viaje panor\u00e1mico<strong> en un tren hist\u00f3rico de Palma a S\u00f3ller<\/strong>. A medida que el tren atraviesa valles encantadores, pasar\u00e1s junto a campos de almendros en flor, en una aventura realmente memorable. <\/p>\t\t\t\t\t\t\t\t<\/div>\n\t\t\t\t<\/div>\n\t\t\t\t<\/div>\n\t\t\t\t<div class=\"elementor-element elementor-element-12c7ae0 elementor-grid-1 elementor-grid-tablet-2 elementor-grid-mobile-1 elementor-posts--thumbnail-top elementor-widget elementor-widget-posts\" data-id=\"12c7ae0\" data-element_type=\"widget\" data-e-type=\"widget\" data-settings=\"{&quot;classic_columns&quot;:&quot;1&quot;,&quot;classic_columns_tablet&quot;:&quot;2&quot;,&quot;classic_columns_mobile&quot;:&quot;1&quot;,&quot;classic_row_gap&quot;:{&quot;unit&quot;:&quot;px&quot;,&quot;size&quot;:35,&quot;sizes&quot;:[]},&quot;classic_row_gap_tablet&quot;:{&quot;unit&quot;:&quot;px&quot;,&quot;size&quot;:&quot;&quot;,&quot;sizes&quot;:[]},&quot;classic_row_gap_mobile&quot;:{&quot;unit&quot;:&quot;px&quot;,&quot;size&quot;:&quot;&quot;,&quot;sizes&quot;:[]}}\" data-widget_type=\"posts.classic\">\n\t\t\t\t<div class=\"elementor-widget-container\">\n\t\t\t\t\t\t\t<div class=\"elementor-posts-container elementor-posts elementor-posts--skin-classic elementor-grid\" role=\"list\">\n\t\t\t\t<article class=\"elementor-post elementor-grid-item post-7426 post type-post status-publish format-standard has-post-thumbnail hentry category-experiencias\" role=\"listitem\">\n\t\t\t\t<a class=\"elementor-post__thumbnail__link\" href=\"https:\/\/discoversoller.com\/es\/el-tren-de-soller-un-viaje-historico-por-los-impresionantes-paisajes-de-mallorca\/\" tabindex=\"-1\" >\n\t\t\t<div class=\"elementor-post__thumbnail\"><img fetchpriority=\"high\" decoding=\"async\" width=\"955\" height=\"716\" src=\"https:\/\/discoversoller.com\/wp-content\/uploads\/2025\/01\/tren-de-soller_standard.jpg\" class=\"attachment-large size-large wp-image-7404\" alt=\"S\u00f3ller train arriving in S\u00f3ller is a incredible experience with breathtaking landscapes.\" srcset=\"https:\/\/discoversoller.com\/wp-content\/uploads\/2025\/01\/tren-de-soller_standard.jpg 955w, https:\/\/discoversoller.com\/wp-content\/uploads\/2025\/01\/tren-de-soller_standard-300x225.jpg 300w, https:\/\/discoversoller.com\/wp-content\/uploads\/2025\/01\/tren-de-soller_standard-768x576.jpg 768w, https:\/\/discoversoller.com\/wp-content\/uploads\/2025\/01\/tren-de-soller_standard-600x450.jpg 600w, https:\/\/discoversoller.com\/wp-content\/uploads\/2025\/01\/tren-de-soller_standard-800x600.jpg 800w, https:\/\/discoversoller.com\/wp-content\/uploads\/2025\/01\/tren-de-soller_standard-141x106.jpg 141w, https:\/\/discoversoller.com\/wp-content\/uploads\/2025\/01\/tren-de-soller_standard-380x285.jpg 380w, https:\/\/discoversoller.com\/wp-content\/uploads\/2025\/01\/tren-de-soller_standard-247x186.jpg 247w\" sizes=\"(max-width: 955px) 100vw, 955px\" \/><\/div>\n\t\t<\/a>\n\t\t\t\t<div class=\"elementor-post__text\">\n\t\t\t\t<h3 class=\"elementor-post__title\">\n\t\t\t<a href=\"https:\/\/discoversoller.com\/es\/el-tren-de-soller-un-viaje-historico-por-los-impresionantes-paisajes-de-mallorca\/\" >\n\t\t\t\tEl tren de S\u00f3ller: Un viaje hist\u00f3rico por los impresionantes paisajes de Mallorca\t\t\t<\/a>\n\t\t<\/h3>\n\t\t\t\t<div class=\"elementor-post__meta-data\">\n\t\t\t\t\t<span class=\"elementor-post-date\">\n\t\t\t28 de enero de 2025\t\t<\/span>\n\t\t\t\t<span class=\"elementor-post-avatar\">\n\t\t\tNo hay comentarios\t\t<\/span>\n\t\t\t\t<\/div>\n\t\t\n\t\t<a class=\"elementor-post__read-more\" href=\"https:\/\/discoversoller.com\/es\/el-tren-de-soller-un-viaje-historico-por-los-impresionantes-paisajes-de-mallorca\/\" aria-label=\"M\u00e1s informaci\u00f3n sobre El tren de S\u00f3ller: Un viaje hist\u00f3rico por los impresionantes paisajes de Mallorca\" tabindex=\"-1\" >\n\t\t\tLeer m\u00e1s \u00bb\t\t<\/a>\n\n\t\t\t\t<\/div>\n\t\t\t\t<\/article>\n\t\t\t\t<\/div>\n\t\t\n\t\t\t\t\t\t<\/div>\n\t\t\t\t<\/div>\n\t\t\t\t\t<\/div>\n\t\t\t\t<\/div>\n\t\t<div class=\"elementor-element elementor-element-e02cd0b e-flex e-con-boxed wpr-particle-no wpr-jarallax-no wpr-parallax-no wpr-sticky-section-no wpr-equal-height-no e-con e-parent\" data-id=\"e02cd0b\" data-element_type=\"container\" data-e-type=\"container\">\n\t\t\t\t\t<div class=\"e-con-inner\">\n\t\t\t\t<div class=\"elementor-element elementor-element-da50738 elementor-widget elementor-widget-text-editor\" data-id=\"da50738\" data-element_type=\"widget\" data-e-type=\"widget\" data-widget_type=\"text-editor.default\">\n\t\t\t\t<div class=\"elementor-widget-container\">\n\t\t\t\t\t\t\t\t\t<div class=\"flex-shrink-0 flex flex-col relative items-end\"><div><div class=\"pt-0\"><div class=\"gizmo-bot-avatar flex h-8 w-8 items-center justify-center overflow-hidden rounded-full\"><div class=\"relative p-1 rounded-sm flex items-center justify-center bg-token-main-surface-primary text-token-text-primary h-8 w-8\">El <em>gat\u00f3 d&#8217;ametlles <\/em>es uno de los postres tradicionales mallorquines m\u00e1s apreciados. Este h\u00famedo pastel de almendra se sirve a menudo con una bola de helado de almendra, creando una mezcla perfecta de sabores que pone de relieve el rico patrimonio de almendra de la isla. <\/div><\/div><\/div><\/div><\/div>\t\t\t\t\t\t\t\t<\/div>\n\t\t\t\t<\/div>\n\t\t\t\t\t<\/div>\n\t\t\t\t<\/div>\n\t\t<div class=\"elementor-element elementor-element-305e0b4 e-flex e-con-boxed wpr-particle-no wpr-jarallax-no wpr-parallax-no wpr-sticky-section-no wpr-equal-height-no e-con e-parent\" data-id=\"305e0b4\" data-element_type=\"container\" data-e-type=\"container\">\n\t\t\t\t\t<div class=\"e-con-inner\">\n\t\t\t\t<div class=\"elementor-element elementor-element-5f27b16 elementor-widget elementor-widget-image\" data-id=\"5f27b16\" data-element_type=\"widget\" data-e-type=\"widget\" data-widget_type=\"image.default\">\n\t\t\t\t<div class=\"elementor-widget-container\">\n\t\t\t\t\t\t\t\t\t\t\t\t\t\t\t<img decoding=\"async\" width=\"1024\" height=\"768\" src=\"https:\/\/discoversoller.com\/wp-content\/uploads\/2025\/02\/almonds-183411_1280-1024x768.jpg\" class=\"attachment-large size-large wp-image-7782\" alt=\"Close-up of almonds, showcasing their rich texture and natural earthy tones.\" srcset=\"https:\/\/discoversoller.com\/wp-content\/uploads\/2025\/02\/almonds-183411_1280-1024x768.jpg 1024w, https:\/\/discoversoller.com\/wp-content\/uploads\/2025\/02\/almonds-183411_1280-300x225.jpg 300w, https:\/\/discoversoller.com\/wp-content\/uploads\/2025\/02\/almonds-183411_1280-768x576.jpg 768w, https:\/\/discoversoller.com\/wp-content\/uploads\/2025\/02\/almonds-183411_1280-600x450.jpg 600w, https:\/\/discoversoller.com\/wp-content\/uploads\/2025\/02\/almonds-183411_1280-800x600.jpg 800w, https:\/\/discoversoller.com\/wp-content\/uploads\/2025\/02\/almonds-183411_1280-141x106.jpg 141w, https:\/\/discoversoller.com\/wp-content\/uploads\/2025\/02\/almonds-183411_1280-380x285.jpg 380w, https:\/\/discoversoller.com\/wp-content\/uploads\/2025\/02\/almonds-183411_1280-247x186.jpg 247w, https:\/\/discoversoller.com\/wp-content\/uploads\/2025\/02\/almonds-183411_1280.jpg 1280w\" sizes=\"(max-width: 1024px) 100vw, 1024px\" \/>\t\t\t\t\t\t\t\t\t\t\t\t\t\t\t<\/div>\n\t\t\t\t<\/div>\n\t\t\t\t\t<\/div>\n\t\t\t\t<\/div>\n\t\t<div class=\"elementor-element elementor-element-615fa60 e-flex e-con-boxed wpr-particle-no wpr-jarallax-no wpr-parallax-no wpr-sticky-section-no wpr-equal-height-no e-con e-parent\" data-id=\"615fa60\" data-element_type=\"container\" data-e-type=\"container\">\n\t\t\t\t\t<div class=\"e-con-inner\">\n\t\t\t\t<div class=\"elementor-element elementor-element-72a0c0b elementor-widget elementor-widget-text-editor\" data-id=\"72a0c0b\" data-element_type=\"widget\" data-e-type=\"widget\" data-widget_type=\"text-editor.default\">\n\t\t\t\t<div class=\"elementor-widget-container\">\n\t\t\t\t\t\t\t\t\t<p>En febrero, los visitantes tambi\u00e9n pueden disfrutar de la encantadora <strong>Feria de la Flor del Almendro<\/strong>, que se celebra en Son Servera, una celebraci\u00f3n \u00fanica de esta tradici\u00f3n local. <strong>[YA FINALIZADA]<\/strong><\/p>\t\t\t\t\t\t\t\t<\/div>\n\t\t\t\t<\/div>\n\t\t\t\t\t<\/div>\n\t\t\t\t<\/div>\n\t\t<div class=\"elementor-element elementor-element-1bb16e7 e-flex e-con-boxed wpr-particle-no wpr-jarallax-no wpr-parallax-no wpr-sticky-section-no wpr-equal-height-no e-con e-parent\" data-id=\"1bb16e7\" data-element_type=\"container\" data-e-type=\"container\">\n\t\t\t\t\t<div class=\"e-con-inner\">\n\t\t\t\t<div class=\"elementor-element elementor-element-00ccd2d elementor-widget elementor-widget-gallery\" data-id=\"00ccd2d\" data-element_type=\"widget\" data-e-type=\"widget\" data-settings=\"{&quot;columns&quot;:2,&quot;gap&quot;:{&quot;unit&quot;:&quot;px&quot;,&quot;size&quot;:2,&quot;sizes&quot;:[]},&quot;aspect_ratio&quot;:&quot;1:1&quot;,&quot;lazyload&quot;:&quot;yes&quot;,&quot;gallery_layout&quot;:&quot;grid&quot;,&quot;columns_tablet&quot;:2,&quot;columns_mobile&quot;:1,&quot;gap_tablet&quot;:{&quot;unit&quot;:&quot;px&quot;,&quot;size&quot;:10,&quot;sizes&quot;:[]},&quot;gap_mobile&quot;:{&quot;unit&quot;:&quot;px&quot;,&quot;size&quot;:10,&quot;sizes&quot;:[]},&quot;link_to&quot;:&quot;file&quot;,&quot;overlay_background&quot;:&quot;yes&quot;,&quot;content_hover_animation&quot;:&quot;fade-in&quot;}\" data-widget_type=\"gallery.default\">\n\t\t\t\t<div class=\"elementor-widget-container\">\n\t\t\t\t\t\t\t<div class=\"elementor-gallery__container\">\n\t\t\t\t\t\t\t<a class=\"e-gallery-item elementor-gallery-item elementor-animated-content\" href=\"https:\/\/discoversoller.com\/wp-content\/uploads\/2025\/02\/Almond-Blossom-Fair-Mallorca.jpg\" data-elementor-open-lightbox=\"yes\" data-elementor-lightbox-slideshow=\"00ccd2d\" data-elementor-lightbox-title=\"Almond Blossom Fair Mallorca\" data-e-action-hash=\"#elementor-action%3Aaction%3Dlightbox%26settings%3DeyJpZCI6Nzc4NSwidXJsIjoiaHR0cHM6XC9cL2Rpc2NvdmVyc29sbGVyLmNvbVwvd3AtY29udGVudFwvdXBsb2Fkc1wvMjAyNVwvMDJcL0FsbW9uZC1CbG9zc29tLUZhaXItTWFsbG9yY2EuanBnIiwic2xpZGVzaG93IjoiMDBjY2QyZCJ9\">\n\t\t\t\t\t<div class=\"e-gallery-image elementor-gallery-item__image\" data-thumbnail=\"https:\/\/discoversoller.com\/wp-content\/uploads\/2025\/02\/Almond-Blossom-Fair-Mallorca-768x1024.jpg\" data-width=\"768\" data-height=\"1024\" aria-label=\"Stall at the Almond Blossom Fair in Mallorca, showcasing local almond-based products and artisanal crafts\" role=\"img\" ><\/div>\n\t\t\t\t\t\t\t\t\t\t\t<div class=\"elementor-gallery-item__overlay\"><\/div>\n\t\t\t\t\t\t\t\t\t\t\t\t\t\t<\/a>\n\t\t\t\t\t\t\t<a class=\"e-gallery-item elementor-gallery-item elementor-animated-content\" href=\"https:\/\/discoversoller.com\/wp-content\/uploads\/2026\/02\/Captura-de-pantalla-2026-02-09-120435.jpg\" data-elementor-open-lightbox=\"yes\" data-elementor-lightbox-slideshow=\"00ccd2d\" data-elementor-lightbox-title=\"Captura de pantalla 2026-02-09 120435\" data-e-action-hash=\"#elementor-action%3Aaction%3Dlightbox%26settings%3DeyJpZCI6MTY4NjYsInVybCI6Imh0dHBzOlwvXC9kaXNjb3ZlcnNvbGxlci5jb21cL3dwLWNvbnRlbnRcL3VwbG9hZHNcLzIwMjZcLzAyXC9DYXB0dXJhLWRlLXBhbnRhbGxhLTIwMjYtMDItMDktMTIwNDM1LmpwZyIsInNsaWRlc2hvdyI6IjAwY2NkMmQifQ%3D%3D\">\n\t\t\t\t\t<div class=\"e-gallery-image elementor-gallery-item__image\" data-thumbnail=\"https:\/\/discoversoller.com\/wp-content\/uploads\/2026\/02\/Captura-de-pantalla-2026-02-09-120435.jpg\" data-width=\"608\" data-height=\"767\" aria-label=\"\" role=\"img\" ><\/div>\n\t\t\t\t\t\t\t\t\t\t\t<div class=\"elementor-gallery-item__overlay\"><\/div>\n\t\t\t\t\t\t\t\t\t\t\t\t\t\t<\/a>\n\t\t\t\t\t<\/div>\n\t\t\t\t\t<\/div>\n\t\t\t\t<\/div>\n\t\t\t\t\t<\/div>\n\t\t\t\t<\/div>\n\t\t\t\t<\/div>\n\t\t","protected":false},"excerpt":{"rendered":"<p>Almendros en flor en Mallorca Cada a\u00f1o, desde finales de enero hasta mediados de marzo, Mallorca se transforma en un impresionante mar de tonos blancos y rosados cuando miles de almendros florecen. Este espect\u00e1culo natural es uno de los lugares m\u00e1s bellos de la isla y atrae a amantes de la naturaleza, fot\u00f3grafos y visitantes deseosos de experimentar la esencia del campo mallorqu\u00edn. DESCUENTOS EN HOTELES DE MALLORCA UTILIZA NUESTROS C\u00d3DIGOS PROMOCIONALES Y OBT\u00c9N UN DESCUENTO EN EL HOTEL Haz clic aqu\u00ed. En su coraz\u00f3n se encuentra la regi\u00f3n almendrera m\u00e1s f\u00e9rtil de la isla, que abarca zonas como Marratx\u00ed, Bunyola, Santa Mar\u00eda, Sencelles, Lloseta y Selva. La parte suroeste de la isla tambi\u00e9n merece atenci\u00f3n, especialmente los municipios de Manacor, Sant Lloren\u00e7 des Cardassar y Son Servera, aunque se pueden encontrar almendros por toda Mallorca. Sin embargo, si desea caminar y descubrirla, las rutas m\u00e1s recomendables son: Es Capdell\u00e1 &#8211; Puig Galatz\u00f3Alar\u00f3 &#8211; Castillo Alar\u00f3Puig de Ses Bruixes en Llucmajor Una de las mejores formas de vivir este impresionante acontecimiento natural es realizar un viaje panor\u00e1mico en un tren hist\u00f3rico de Palma a S\u00f3ller. A medida que el tren atraviesa valles encantadores, pasar\u00e1s junto a campos de almendros en flor, en una aventura realmente memorable. El gat\u00f3 d&#8217;ametlles es uno de los postres tradicionales mallorquines m\u00e1s apreciados. Este h\u00famedo pastel de almendra se sirve a menudo con una bola de helado de almendra, creando una mezcla perfecta de sabores que pone de relieve el rico patrimonio de almendra de la isla. En febrero, los visitantes tambi\u00e9n pueden disfrutar de la encantadora Feria de la Flor del Almendro, que se celebra en Son Servera, una celebraci\u00f3n \u00fanica de esta tradici\u00f3n local. [YA FINALIZADA]<\/p>\n","protected":false},"author":1,"featured_media":7765,"comment_status":"closed","ping_status":"open","sticky":false,"template":"","format":"standard","meta":{"_monsterinsights_skip_tracking":false,"_monsterinsights_sitenote_active":false,"_monsterinsights_sitenote_note":"","_monsterinsights_sitenote_category":0,"footnotes":""},"categories":[221],"tags":[],"class_list":["post-7873","post","type-post","status-publish","format-standard","has-post-thumbnail","hentry","category-experiencias"],"aioseo_notices":[],"_links":{"self":[{"href":"https:\/\/discoversoller.com\/es\/wp-json\/wp\/v2\/posts\/7873","targetHints":{"allow":["GET"]}}],"collection":[{"href":"https:\/\/discoversoller.com\/es\/wp-json\/wp\/v2\/posts"}],"about":[{"href":"https:\/\/discoversoller.com\/es\/wp-json\/wp\/v2\/types\/post"}],"author":[{"embeddable":true,"href":"https:\/\/discoversoller.com\/es\/wp-json\/wp\/v2\/users\/1"}],"replies":[{"embeddable":true,"href":"https:\/\/discoversoller.com\/es\/wp-json\/wp\/v2\/comments?post=7873"}],"version-history":[{"count":3,"href":"https:\/\/discoversoller.com\/es\/wp-json\/wp\/v2\/posts\/7873\/revisions"}],"predecessor-version":[{"id":16874,"href":"https:\/\/discoversoller.com\/es\/wp-json\/wp\/v2\/posts\/7873\/revisions\/16874"}],"wp:featuredmedia":[{"embeddable":true,"href":"https:\/\/discoversoller.com\/es\/wp-json\/wp\/v2\/media\/7765"}],"wp:attachment":[{"href":"https:\/\/discoversoller.com\/es\/wp-json\/wp\/v2\/media?parent=7873"}],"wp:term":[{"taxonomy":"category","embeddable":true,"href":"https:\/\/discoversoller.com\/es\/wp-json\/wp\/v2\/categories?post=7873"},{"taxonomy":"post_tag","embeddable":true,"href":"https:\/\/discoversoller.com\/es\/wp-json\/wp\/v2\/tags?post=7873"}],"curies":[{"name":"wp","href":"https:\/\/api.w.org\/{rel}","templated":true}]}}