{"id":9262,"date":"2025-03-03T13:00:11","date_gmt":"2025-03-03T12:00:11","guid":{"rendered":"https:\/\/discoversoller.com\/?p=9262"},"modified":"2025-03-03T17:56:19","modified_gmt":"2025-03-03T16:56:19","slug":"mallorca-im-maerz","status":"publish","type":"post","link":"https:\/\/discoversoller.com\/de\/mallorca-im-maerz\/","title":{"rendered":"Mallorca im M\u00e4rz"},"content":{"rendered":"\t\t<div data-elementor-type=\"wp-post\" data-elementor-id=\"9262\" class=\"elementor elementor-9262 elementor-9194\" data-elementor-post-type=\"post\">\n\t\t\t\t<div class=\"elementor-element elementor-element-2af7472 e-flex e-con-boxed wpr-particle-no wpr-jarallax-no wpr-parallax-no wpr-sticky-section-no wpr-equal-height-no e-con e-parent\" data-id=\"2af7472\" data-element_type=\"container\" data-e-type=\"container\">\n\t\t\t\t\t<div class=\"e-con-inner\">\n\t\t\t\t<div class=\"elementor-element elementor-element-ea2f142 elementor-widget elementor-widget-text-editor\" data-id=\"ea2f142\" data-element_type=\"widget\" data-e-type=\"widget\" data-widget_type=\"text-editor.default\">\n\t\t\t\t<div class=\"elementor-widget-container\">\n\t\t\t\t\t\t\t\t\t<p data-pm-slice=\"1 1 []\">Der M\u00e4rz auf Mallorca markiert die Ankunft des <strong>Fr\u00fchlings <\/strong>und bringt w\u00e4rmere Temperaturen, l\u00e4ngere Tageslichtstunden und die ersten Hinweise auf die lebendige Sch\u00f6nheit der Insel mit sich. Es ist die ideale Zeit f\u00fcr alle, die eine ruhige Auszeit suchen, bevor die hektische Sommersaison beginnt. Mit kulturellen Veranstaltungen, Outdoor-Aktivit\u00e4ten und atemberaubenden Landschaften bietet der M\u00e4rz eine einzigartige Gelegenheit, Mallorca in einer authentischen und ruhigen Umgebung zu erleben.  <\/p>\t\t\t\t\t\t\t\t<\/div>\n\t\t\t\t<\/div>\n\t\t\t\t\t<\/div>\n\t\t\t\t<\/div>\n\t\t<div class=\"elementor-element elementor-element-5864436 e-flex e-con-boxed wpr-particle-no wpr-jarallax-no wpr-parallax-no wpr-sticky-section-no wpr-equal-height-no e-con e-parent\" data-id=\"5864436\" data-element_type=\"container\" data-e-type=\"container\">\n\t\t\t\t\t<div class=\"e-con-inner\">\n\t\t<div class=\"elementor-element elementor-element-17e6913 e-con-full e-flex wpr-particle-no wpr-jarallax-no wpr-parallax-no wpr-sticky-section-no wpr-equal-height-no e-con e-child\" data-id=\"17e6913\" data-element_type=\"container\" data-e-type=\"container\">\n\t\t\t\t<div class=\"elementor-element elementor-element-495538e elementor-widget elementor-widget-text-editor\" data-id=\"495538e\" data-element_type=\"widget\" data-e-type=\"widget\" data-widget_type=\"text-editor.default\">\n\t\t\t\t<div class=\"elementor-widget-container\">\n\t\t\t\t\t\t\t\t\t<h3 style=\"text-align: center;\" data-pm-slice=\"1 1 []\"><strong>Warum Mallorca im M\u00e4rz besuchen?<\/strong><\/h3><p style=\"text-align: center;\">Mit dem Ausklingen des <a href=\"https:\/\/discoversoller.com\/de\/mallorca-im-februar\/\" target=\"_blank\" rel=\"noopener\">Februars <\/a>bringt der M\u00e4rz eine sp\u00fcrbare Ver\u00e4nderung des Klimas auf Mallorca. Die Tage werden l\u00e4nger, die Sonne scheint h\u00e4ufiger, und die Temperaturen steigen auf angenehme 18 \u00b0C. Die Niederschl\u00e4ge sind geringer als in den vorangegangenen Monaten, so dass Aktivit\u00e4ten im Freien angenehmer sind. Obwohl gelegentlich Wolken oder leichter Nieselregen auftreten k\u00f6nnen, ist das Wetter insgesamt mild.   <\/p>\t\t\t\t\t\t\t\t<\/div>\n\t\t\t\t<\/div>\n\t\t\t\t<\/div>\n\t\t<div class=\"elementor-element elementor-element-aa4425c e-con-full e-flex wpr-particle-no wpr-jarallax-no wpr-parallax-no wpr-sticky-section-no wpr-equal-height-no e-con e-child\" data-id=\"aa4425c\" data-element_type=\"container\" data-e-type=\"container\">\n\t\t\t\t<div class=\"elementor-element elementor-element-ad2ce67 elementor-widget elementor-widget-image\" data-id=\"ad2ce67\" data-element_type=\"widget\" data-e-type=\"widget\" data-widget_type=\"image.default\">\n\t\t\t\t<div class=\"elementor-widget-container\">\n\t\t\t\t\t\t\t\t\t\t\t\t\t\t\t<img fetchpriority=\"high\" decoding=\"async\" width=\"600\" height=\"900\" src=\"https:\/\/discoversoller.com\/wp-content\/uploads\/2025\/03\/Port-de-Soller-in-March.jpg\" class=\"attachment-large size-large wp-image-9201\" alt=\"Port de Soller Mallorca\" srcset=\"https:\/\/discoversoller.com\/wp-content\/uploads\/2025\/03\/Port-de-Soller-in-March.jpg 600w, https:\/\/discoversoller.com\/wp-content\/uploads\/2025\/03\/Port-de-Soller-in-March-200x300.jpg 200w\" sizes=\"(max-width: 600px) 100vw, 600px\" \/>\t\t\t\t\t\t\t\t\t\t\t\t\t\t\t<\/div>\n\t\t\t\t<\/div>\n\t\t\t\t<\/div>\n\t\t\t\t\t<\/div>\n\t\t\t\t<\/div>\n\t\t<div class=\"elementor-element elementor-element-a0c8627 e-flex e-con-boxed wpr-particle-no wpr-jarallax-no wpr-parallax-no wpr-sticky-section-no wpr-equal-height-no e-con e-parent\" data-id=\"a0c8627\" data-element_type=\"container\" data-e-type=\"container\">\n\t\t\t\t\t<div class=\"e-con-inner\">\n\t\t\t\t<div class=\"elementor-element elementor-element-1093961 elementor-widget elementor-widget-text-editor\" data-id=\"1093961\" data-element_type=\"widget\" data-e-type=\"widget\" data-widget_type=\"text-editor.default\">\n\t\t\t\t<div class=\"elementor-widget-container\">\n\t\t\t\t\t\t\t\t\t<article class=\"w-full text-token-text-primary focus-visible:outline-2 focus-visible:outline-offset-[-4px]\" dir=\"auto\" data-testid=\"conversation-turn-419\" data-scroll-anchor=\"true\"><div class=\"m-auto text-base py-[18px] px-6\"><div class=\"mx-auto flex flex-1 text-base gap-4 md:gap-5 lg:gap-6 md:max-w-3xl\"><div class=\"group\/conversation-turn relative flex w-full min-w-0 flex-col agent-turn @xs\/thread:px-0 @sm\/thread:px-1.5 @md\/thread:px-4\"><div class=\"flex-col gap-1 md:gap-3\"><div class=\"flex max-w-full flex-col flex-grow\"><div class=\"min-h-8 text-message relative flex w-full flex-col items-end gap-2 whitespace-normal break-words text-start [.text-message+&amp;]:mt-5\" dir=\"auto\" data-message-author-role=\"assistant\" data-message-id=\"98d36e30-6d03-4097-87a2-40a3edbd7669\" data-message-model-slug=\"gpt-4o\"><div class=\"flex w-full flex-col gap-1 empty:hidden first:pt-[3px]\"><div class=\"markdown prose w-full break-words dark:prose-invert light\"><h3 style=\"text-align: center;\" data-start=\"27\" data-end=\"75\"><strong data-start=\"27\" data-end=\"75\" data-is-last-node=\"\">M\u00e4rzfeste auf Mallorca<\/strong><\/h3><\/div><\/div><\/div><\/div><\/div><\/div><\/div><\/div><\/article><p>Der M\u00e4rz auf Mallorca ist voller kultureller Festivit\u00e4ten, die die Traditionen der Insel zum Leben erwecken. Von historischen Messen bis hin zu lebhaften Stra\u00dfenfesten k\u00f6nnen Besucher das lokale Kunsthandwerk, die Musik und die K\u00fcche genie\u00dfen und dabei das lebendige Erbe der Insel erleben. <\/p>\t\t\t\t\t\t\t\t<\/div>\n\t\t\t\t<\/div>\n\t\t\t\t\t<\/div>\n\t\t\t\t<\/div>\n\t\t<div class=\"elementor-element elementor-element-ff7eb4a e-flex e-con-boxed wpr-particle-no wpr-jarallax-no wpr-parallax-no wpr-sticky-section-no wpr-equal-height-no e-con e-parent\" data-id=\"ff7eb4a\" data-element_type=\"container\" data-e-type=\"container\">\n\t\t\t\t\t<div class=\"e-con-inner\">\n\t\t<div class=\"elementor-element elementor-element-9527899 e-con-full e-flex wpr-particle-no wpr-jarallax-no wpr-parallax-no wpr-sticky-section-no wpr-equal-height-no e-con e-child\" data-id=\"9527899\" data-element_type=\"container\" data-e-type=\"container\">\n\t\t\t\t<div class=\"elementor-element elementor-element-a99803d elementor-widget elementor-widget-text-editor\" data-id=\"a99803d\" data-element_type=\"widget\" data-e-type=\"widget\" data-widget_type=\"text-editor.default\">\n\t\t\t\t<div class=\"elementor-widget-container\">\n\t\t\t\t\t\t\t\t\t<h3 style=\"text-align: center;\" data-pm-slice=\"1 1 []\"><span style=\"color: #c0a16b;\"><strong>Der M\u00e4rz auf Mallorca ist voller kultureller Festivit\u00e4ten, die die Traditionen der Insel zum Leben erwecken. Von historischen Messen bis hin zu lebhaften Stra\u00dfenfesten k\u00f6nnen Besucher das lokale Kunsthandwerk, die Musik und die K\u00fcche genie\u00dfen und dabei das lebendige Erbe der Insel erleben.<\/strong><\/span><\/h3><p data-pm-slice=\"1 1 []\">Am 1. M\u00e4rz ist der <strong>D\u00eda de las Islas Baleares (Tag der Balearen)<\/strong>, ein Feiertag zur Feier der Autonomie der Balearen. \u00dcberall auf der Insel k\u00f6nnen Besucher Stra\u00dfenm\u00e4rkte, Live-Musik, traditionelle T\u00e4nze und gastronomische Messen genie\u00dfen. Palma, die Hauptstadt der Insel, ist das Epizentrum der Feierlichkeiten und bietet alles von Kunsthandwerksst\u00e4nden bis zu lokalen K\u00f6stlichkeiten wie Sobrassada und Ensa\u00efmadas.  <\/p>\t\t\t\t\t\t\t\t<\/div>\n\t\t\t\t<\/div>\n\t\t\t\t<\/div>\n\t\t<div class=\"elementor-element elementor-element-ec04b23 e-con-full e-flex wpr-particle-no wpr-jarallax-no wpr-parallax-no wpr-sticky-section-no wpr-equal-height-no e-con e-child\" data-id=\"ec04b23\" data-element_type=\"container\" data-e-type=\"container\">\n\t\t\t\t<div class=\"elementor-element elementor-element-57cae8d elementor-widget elementor-widget-gallery\" data-id=\"57cae8d\" data-element_type=\"widget\" data-e-type=\"widget\" data-settings=\"{&quot;columns&quot;:1,&quot;gap&quot;:{&quot;unit&quot;:&quot;px&quot;,&quot;size&quot;:1,&quot;sizes&quot;:[]},&quot;aspect_ratio&quot;:&quot;16:9&quot;,&quot;lazyload&quot;:&quot;yes&quot;,&quot;gallery_layout&quot;:&quot;grid&quot;,&quot;columns_tablet&quot;:2,&quot;columns_mobile&quot;:1,&quot;gap_tablet&quot;:{&quot;unit&quot;:&quot;px&quot;,&quot;size&quot;:10,&quot;sizes&quot;:[]},&quot;gap_mobile&quot;:{&quot;unit&quot;:&quot;px&quot;,&quot;size&quot;:10,&quot;sizes&quot;:[]},&quot;overlay_background&quot;:&quot;yes&quot;,&quot;content_hover_animation&quot;:&quot;fade-in&quot;}\" data-widget_type=\"gallery.default\">\n\t\t\t\t<div class=\"elementor-widget-container\">\n\t\t\t\t\t\t\t<div class=\"elementor-gallery__container\">\n\t\t\t\t\t\t\t<div class=\"e-gallery-item elementor-gallery-item elementor-animated-content\">\n\t\t\t\t\t<div class=\"e-gallery-image elementor-gallery-item__image\" data-thumbnail=\"https:\/\/discoversoller.com\/wp-content\/uploads\/2025\/03\/Dia-de-les-Illes-Balears-1024x683.jpeg\" data-width=\"1024\" data-height=\"683\" aria-label=\"Dia de les Illes Balears\" role=\"img\" ><\/div>\n\t\t\t\t\t\t\t\t\t\t\t<div class=\"elementor-gallery-item__overlay\"><\/div>\n\t\t\t\t\t\t\t\t\t\t\t\t\t\t<\/div>\n\t\t\t\t\t\t\t<div class=\"e-gallery-item elementor-gallery-item elementor-animated-content\">\n\t\t\t\t\t<div class=\"e-gallery-image elementor-gallery-item__image\" data-thumbnail=\"https:\/\/discoversoller.com\/wp-content\/uploads\/2025\/03\/Dia-de-les-Illes-Balears-1024x724.jpg\" data-width=\"1024\" data-height=\"724\" aria-label=\"Dia de les Illes Balears\" role=\"img\" ><\/div>\n\t\t\t\t\t\t\t\t\t\t\t<div class=\"elementor-gallery-item__overlay\"><\/div>\n\t\t\t\t\t\t\t\t\t\t\t\t\t\t<\/div>\n\t\t\t\t\t\t\t<div class=\"e-gallery-item elementor-gallery-item elementor-animated-content\">\n\t\t\t\t\t<div class=\"e-gallery-image elementor-gallery-item__image\" data-thumbnail=\"https:\/\/discoversoller.com\/wp-content\/uploads\/2025\/03\/Dia-de-les-Illes-Balears-Discover-Soller.jpg\" data-width=\"940\" data-height=\"564\" aria-label=\"Dia de les Illes Balears\" role=\"img\" ><\/div>\n\t\t\t\t\t\t\t\t\t\t\t<div class=\"elementor-gallery-item__overlay\"><\/div>\n\t\t\t\t\t\t\t\t\t\t\t\t\t\t<\/div>\n\t\t\t\t\t<\/div>\n\t\t\t\t\t<\/div>\n\t\t\t\t<\/div>\n\t\t\t\t<\/div>\n\t\t\t\t\t<\/div>\n\t\t\t\t<\/div>\n\t\t<div class=\"elementor-element elementor-element-794d04a e-flex e-con-boxed wpr-particle-no wpr-jarallax-no wpr-parallax-no wpr-sticky-section-no wpr-equal-height-no e-con e-parent\" data-id=\"794d04a\" data-element_type=\"container\" data-e-type=\"container\">\n\t\t\t\t\t<div class=\"e-con-inner\">\n\t\t<div class=\"elementor-element elementor-element-9b6ed16 e-con-full e-flex wpr-particle-no wpr-jarallax-no wpr-parallax-no wpr-sticky-section-no wpr-equal-height-no e-con e-child\" data-id=\"9b6ed16\" data-element_type=\"container\" data-e-type=\"container\">\n\t\t\t\t<div class=\"elementor-element elementor-element-611ded7 elementor-widget elementor-widget-gallery\" data-id=\"611ded7\" data-element_type=\"widget\" data-e-type=\"widget\" data-settings=\"{&quot;columns&quot;:1,&quot;gap&quot;:{&quot;unit&quot;:&quot;px&quot;,&quot;size&quot;:1,&quot;sizes&quot;:[]},&quot;lazyload&quot;:&quot;yes&quot;,&quot;gallery_layout&quot;:&quot;grid&quot;,&quot;columns_tablet&quot;:2,&quot;columns_mobile&quot;:1,&quot;gap_tablet&quot;:{&quot;unit&quot;:&quot;px&quot;,&quot;size&quot;:10,&quot;sizes&quot;:[]},&quot;gap_mobile&quot;:{&quot;unit&quot;:&quot;px&quot;,&quot;size&quot;:10,&quot;sizes&quot;:[]},&quot;aspect_ratio&quot;:&quot;3:2&quot;,&quot;overlay_background&quot;:&quot;yes&quot;,&quot;content_hover_animation&quot;:&quot;fade-in&quot;}\" data-widget_type=\"gallery.default\">\n\t\t\t\t<div class=\"elementor-widget-container\">\n\t\t\t\t\t\t\t<div class=\"elementor-gallery__container\">\n\t\t\t\t\t\t\t<div class=\"e-gallery-item elementor-gallery-item elementor-animated-content\">\n\t\t\t\t\t<div class=\"e-gallery-image elementor-gallery-item__image\" data-thumbnail=\"https:\/\/discoversoller.com\/wp-content\/uploads\/2025\/03\/Fira-de-la-Fang-Marratxi-1024x576.jpg\" data-width=\"1024\" data-height=\"576\" aria-label=\"\" role=\"img\" ><\/div>\n\t\t\t\t\t\t\t\t\t\t\t<div class=\"elementor-gallery-item__overlay\"><\/div>\n\t\t\t\t\t\t\t\t\t\t\t\t\t\t<\/div>\n\t\t\t\t\t\t\t<div class=\"e-gallery-item elementor-gallery-item elementor-animated-content\">\n\t\t\t\t\t<div class=\"e-gallery-image elementor-gallery-item__image\" data-thumbnail=\"https:\/\/discoversoller.com\/wp-content\/uploads\/2025\/03\/Fira-del-Fang-Mallorca-Discover-Soller.jpg\" data-width=\"541\" data-height=\"607\" aria-label=\"\" role=\"img\" ><\/div>\n\t\t\t\t\t\t\t\t\t\t\t<div class=\"elementor-gallery-item__overlay\"><\/div>\n\t\t\t\t\t\t\t\t\t\t\t\t\t\t<\/div>\n\t\t\t\t\t\t\t<div class=\"e-gallery-item elementor-gallery-item elementor-animated-content\">\n\t\t\t\t\t<div class=\"e-gallery-image elementor-gallery-item__image\" data-thumbnail=\"https:\/\/discoversoller.com\/wp-content\/uploads\/2025\/03\/Fira-del-Fang-Marrati.png\" data-width=\"796\" data-height=\"870\" aria-label=\"Fira del Fang Marratxi\" role=\"img\" ><\/div>\n\t\t\t\t\t\t\t\t\t\t\t<div class=\"elementor-gallery-item__overlay\"><\/div>\n\t\t\t\t\t\t\t\t\t\t\t\t\t\t<\/div>\n\t\t\t\t\t<\/div>\n\t\t\t\t\t<\/div>\n\t\t\t\t<\/div>\n\t\t\t\t<\/div>\n\t\t<div class=\"elementor-element elementor-element-ada2ae8 e-con-full e-flex wpr-particle-no wpr-jarallax-no wpr-parallax-no wpr-sticky-section-no wpr-equal-height-no e-con e-child\" data-id=\"ada2ae8\" data-element_type=\"container\" data-e-type=\"container\">\n\t\t\t\t<div class=\"elementor-element elementor-element-74eddf2 elementor-widget elementor-widget-text-editor\" data-id=\"74eddf2\" data-element_type=\"widget\" data-e-type=\"widget\" data-widget_type=\"text-editor.default\">\n\t\t\t\t<div class=\"elementor-widget-container\">\n\t\t\t\t\t\t\t\t\t<h3 style=\"text-align: center;\" data-pm-slice=\"1 1 []\"><span style=\"color: #c0a16b;\"><strong>Fira del Fang &#8211; Die T\u00f6pfermesse in Marratx\u00ed<\/strong><\/span><\/h3><p>Ein H\u00f6hepunkt im M\u00e4rz ist die <strong>Fira del Fang (T\u00f6pfermesse<\/strong>) in Marratx\u00ed, einer Stadt, die als Keramikhauptstadt von Mallorca bekannt ist. Auf dieser Veranstaltung werden handgefertigte T\u00f6pferwaren von einheimischen und internationalen Kunsthandwerkern ausgestellt. Die Besucher k\u00f6nnen sich wundersch\u00f6n gestaltete Keramik ansehen, Live-Demonstrationen verfolgen und sogar an T\u00f6pferworkshops teilnehmen. Es ist eine hervorragende Gelegenheit, ein einzigartiges Souvenir mit nach Hause zu nehmen und gleichzeitig die lokale Handwerkskunst zu unterst\u00fctzen.   <\/p>\t\t\t\t\t\t\t\t<\/div>\n\t\t\t\t<\/div>\n\t\t\t\t<\/div>\n\t\t\t\t\t<\/div>\n\t\t\t\t<\/div>\n\t\t<div class=\"elementor-element elementor-element-7e8b8ee e-flex e-con-boxed wpr-particle-no wpr-jarallax-no wpr-parallax-no wpr-sticky-section-no wpr-equal-height-no e-con e-parent\" data-id=\"7e8b8ee\" data-element_type=\"container\" data-e-type=\"container\">\n\t\t\t\t\t<div class=\"e-con-inner\">\n\t\t<div class=\"elementor-element elementor-element-578a0bc e-con-full e-flex wpr-particle-no wpr-jarallax-no wpr-parallax-no wpr-sticky-section-no wpr-equal-height-no e-con e-child\" data-id=\"578a0bc\" data-element_type=\"container\" data-e-type=\"container\">\n\t\t\t\t<div class=\"elementor-element elementor-element-53437cc elementor-widget elementor-widget-text-editor\" data-id=\"53437cc\" data-element_type=\"widget\" data-e-type=\"widget\" data-widget_type=\"text-editor.default\">\n\t\t\t\t<div class=\"elementor-widget-container\">\n\t\t\t\t\t\t\t\t\t<h3 style=\"text-align: center;\" data-pm-slice=\"1 1 []\"><span style=\"color: #c0a16b;\"><strong>Fira del Ram &#8211; Mallorcas Fr\u00fchjahrskirmes<\/strong><\/span><\/h3><p>F\u00fcr alle, die auf der Suche nach familienfreundlicher Unterhaltung sind, ist die <strong>Fira del Ram<\/strong> in Palma ein Pflichtbesuch. Dieser j\u00e4hrliche Jahrmarkt, der von Anfang M\u00e4rz bis Mitte April stattfindet, bietet aufregende Fahrgesch\u00e4fte, Spielbuden und Essensverk\u00e4ufer. Von aufregenden Achterbahnen bis hin zu klassischen Karussells bietet sie Spa\u00df f\u00fcr alle Altersgruppen. Der Jahrmarkt ist vor allem abends sehr lebendig, mit hellen Lichtern und einer festlichen Atmosph\u00e4re, die ihn zu einem der am meisten erwarteten Fr\u00fchlingsereignisse macht.   <\/p>\t\t\t\t\t\t\t\t<\/div>\n\t\t\t\t<\/div>\n\t\t\t\t<\/div>\n\t\t<div class=\"elementor-element elementor-element-e1f2b8e e-con-full e-flex wpr-particle-no wpr-jarallax-no wpr-parallax-no wpr-sticky-section-no wpr-equal-height-no e-con e-child\" data-id=\"e1f2b8e\" data-element_type=\"container\" data-e-type=\"container\">\n\t\t\t\t<div class=\"elementor-element elementor-element-99c6ef3 elementor-widget elementor-widget-gallery\" data-id=\"99c6ef3\" data-element_type=\"widget\" data-e-type=\"widget\" data-settings=\"{&quot;columns&quot;:1,&quot;gap&quot;:{&quot;unit&quot;:&quot;px&quot;,&quot;size&quot;:1,&quot;sizes&quot;:[]},&quot;lazyload&quot;:&quot;yes&quot;,&quot;gallery_layout&quot;:&quot;grid&quot;,&quot;columns_tablet&quot;:2,&quot;columns_mobile&quot;:1,&quot;gap_tablet&quot;:{&quot;unit&quot;:&quot;px&quot;,&quot;size&quot;:10,&quot;sizes&quot;:[]},&quot;gap_mobile&quot;:{&quot;unit&quot;:&quot;px&quot;,&quot;size&quot;:10,&quot;sizes&quot;:[]},&quot;aspect_ratio&quot;:&quot;3:2&quot;,&quot;overlay_background&quot;:&quot;yes&quot;,&quot;content_hover_animation&quot;:&quot;fade-in&quot;}\" data-widget_type=\"gallery.default\">\n\t\t\t\t<div class=\"elementor-widget-container\">\n\t\t\t\t\t\t\t<div class=\"elementor-gallery__container\">\n\t\t\t\t\t\t\t<div class=\"e-gallery-item elementor-gallery-item elementor-animated-content\">\n\t\t\t\t\t<div class=\"e-gallery-image elementor-gallery-item__image\" data-thumbnail=\"https:\/\/discoversoller.com\/wp-content\/uploads\/2025\/03\/Fira-del-Ram-Palma-Wheel.jpg\" data-width=\"844\" data-height=\"831\" aria-label=\"Feria del Ram in Palma\" role=\"img\" ><\/div>\n\t\t\t\t\t\t\t\t\t\t\t<div class=\"elementor-gallery-item__overlay\"><\/div>\n\t\t\t\t\t\t\t\t\t\t\t\t\t\t<\/div>\n\t\t\t\t\t\t\t<div class=\"e-gallery-item elementor-gallery-item elementor-animated-content\">\n\t\t\t\t\t<div class=\"e-gallery-image elementor-gallery-item__image\" data-thumbnail=\"https:\/\/discoversoller.com\/wp-content\/uploads\/2025\/03\/Fira-del-Ram-Palma.jpg\" data-width=\"680\" data-height=\"803\" aria-label=\"\" role=\"img\" ><\/div>\n\t\t\t\t\t\t\t\t\t\t\t<div class=\"elementor-gallery-item__overlay\"><\/div>\n\t\t\t\t\t\t\t\t\t\t\t\t\t\t<\/div>\n\t\t\t\t\t\t\t<div class=\"e-gallery-item elementor-gallery-item elementor-animated-content\">\n\t\t\t\t\t<div class=\"e-gallery-image elementor-gallery-item__image\" data-thumbnail=\"https:\/\/discoversoller.com\/wp-content\/uploads\/2025\/03\/Fira-del-Ram.jpg\" data-width=\"677\" data-height=\"842\" aria-label=\"Fira del Ram Palma de Mallorca\" role=\"img\" ><\/div>\n\t\t\t\t\t\t\t\t\t\t\t<div class=\"elementor-gallery-item__overlay\"><\/div>\n\t\t\t\t\t\t\t\t\t\t\t\t\t\t<\/div>\n\t\t\t\t\t<\/div>\n\t\t\t\t\t<\/div>\n\t\t\t\t<\/div>\n\t\t\t\t<\/div>\n\t\t\t\t\t<\/div>\n\t\t\t\t<\/div>\n\t\t<div class=\"elementor-element elementor-element-a4b5e98 e-flex e-con-boxed wpr-particle-no wpr-jarallax-no wpr-parallax-no wpr-sticky-section-no wpr-equal-height-no e-con e-parent\" data-id=\"a4b5e98\" data-element_type=\"container\" data-e-type=\"container\">\n\t\t\t\t\t<div class=\"e-con-inner\">\n\t\t\t\t<div class=\"elementor-element elementor-element-224e77a elementor-widget elementor-widget-text-editor\" data-id=\"224e77a\" data-element_type=\"widget\" data-e-type=\"widget\" data-widget_type=\"text-editor.default\">\n\t\t\t\t<div class=\"elementor-widget-container\">\n\t\t\t\t\t\t\t\t\t<h3 style=\"text-align: center;\" data-pm-slice=\"1 1 []\"><strong>Outdoor-Abenteuer und bl\u00fchende Landschaften<\/strong><\/h3><p>Der M\u00e4rz ist der perfekte Monat f\u00fcr Outdoor-Fans. Die k\u00fchleren Temperaturen und die \u00fcppig gr\u00fcnen Landschaften machen das Wandern in der <strong>Serra de Tramuntana<\/strong> zu einem unvergesslichen Erlebnis. Beliebte Wanderwege wie der <strong>Puig de Galatz\u00f3<\/strong> oder der<strong> Barranc de Biniaraix<\/strong> in <a href=\"https:\/\/discoversoller.com\/de\/soller\/\">S\u00f3ller <\/a>bieten atemberaubende Aussichten und die M\u00f6glichkeit, die Flora der Insel in voller Bl\u00fcte zu erleben. Au\u00dferdem dauert die Mandelbl\u00fcte, die im Februar beginnt, oft bis Anfang M\u00e4rz an und sorgt f\u00fcr malerische Landschaften in der Umgebung.   <\/p><p>F\u00fcr Radsportbegeisterte bieten die gut ausgebauten Stra\u00dfen und anspruchsvollen Bergstrecken der Insel ein hervorragendes Trainingsgel\u00e4nde. Viele Profi- und Hobbyradler str\u00f6men im M\u00e4rz nach Mallorca, um das angenehme Wetter und die malerischen Strecken zu genie\u00dfen. <\/p>\t\t\t\t\t\t\t\t<\/div>\n\t\t\t\t<\/div>\n\t\t\t\t\t<\/div>\n\t\t\t\t<\/div>\n\t\t<div class=\"elementor-element elementor-element-a963ff6 e-flex e-con-boxed wpr-particle-no wpr-jarallax-no wpr-parallax-no wpr-sticky-section-no wpr-equal-height-no e-con e-parent\" data-id=\"a963ff6\" data-element_type=\"container\" data-e-type=\"container\">\n\t\t\t\t\t<div class=\"e-con-inner\">\n\t\t\t\t<div class=\"elementor-element elementor-element-a2aa662 elementor-grid-2 elementor-grid-tablet-2 elementor-grid-mobile-1 elementor-posts--thumbnail-top elementor-card-shadow-yes elementor-posts__hover-gradient elementor-widget elementor-widget-posts\" data-id=\"a2aa662\" data-element_type=\"widget\" data-e-type=\"widget\" data-settings=\"{&quot;cards_columns&quot;:&quot;2&quot;,&quot;cards_columns_tablet&quot;:&quot;2&quot;,&quot;cards_columns_mobile&quot;:&quot;1&quot;,&quot;cards_row_gap&quot;:{&quot;unit&quot;:&quot;px&quot;,&quot;size&quot;:35,&quot;sizes&quot;:[]},&quot;cards_row_gap_tablet&quot;:{&quot;unit&quot;:&quot;px&quot;,&quot;size&quot;:&quot;&quot;,&quot;sizes&quot;:[]},&quot;cards_row_gap_mobile&quot;:{&quot;unit&quot;:&quot;px&quot;,&quot;size&quot;:&quot;&quot;,&quot;sizes&quot;:[]}}\" data-widget_type=\"posts.cards\">\n\t\t\t\t<div class=\"elementor-widget-container\">\n\t\t\t\t\t\t\t<div class=\"elementor-posts-container elementor-posts elementor-posts--skin-cards elementor-grid\" role=\"list\">\n\t\t\t\t<article class=\"elementor-post elementor-grid-item post-8856 page type-page status-publish has-post-thumbnail hentry\" role=\"listitem\">\n\t\t\t<div class=\"elementor-post__card\">\n\t\t\t\t<a class=\"elementor-post__thumbnail__link\" href=\"https:\/\/discoversoller.com\/de\/fahrradverleih-und-fahrradtouren\/\" tabindex=\"-1\" ><div class=\"elementor-post__thumbnail\"><img decoding=\"async\" width=\"640\" height=\"640\" src=\"https:\/\/discoversoller.com\/wp-content\/uploads\/2025\/02\/HOME-PAGE-02-mountain-bike-tours-640x640-1.jpg\" class=\"attachment-large size-large wp-image-8710\" alt=\"Serene landscapes of Mallorca\u2019s Tramuntana, a paradise for cyclists\" srcset=\"https:\/\/discoversoller.com\/wp-content\/uploads\/2025\/02\/HOME-PAGE-02-mountain-bike-tours-640x640-1.jpg 640w, https:\/\/discoversoller.com\/wp-content\/uploads\/2025\/02\/HOME-PAGE-02-mountain-bike-tours-640x640-1-300x300.jpg 300w, https:\/\/discoversoller.com\/wp-content\/uploads\/2025\/02\/HOME-PAGE-02-mountain-bike-tours-640x640-1-150x150.jpg 150w, https:\/\/discoversoller.com\/wp-content\/uploads\/2025\/02\/HOME-PAGE-02-mountain-bike-tours-640x640-1-600x600.jpg 600w, https:\/\/discoversoller.com\/wp-content\/uploads\/2025\/02\/HOME-PAGE-02-mountain-bike-tours-640x640-1-278x278.jpg 278w, https:\/\/discoversoller.com\/wp-content\/uploads\/2025\/02\/HOME-PAGE-02-mountain-bike-tours-640x640-1-247x247.jpg 247w\" sizes=\"(max-width: 640px) 100vw, 640px\" \/><\/div><\/a>\n\t\t\t\t<div class=\"elementor-post__text\">\n\t\t\t\t<h3 class=\"elementor-post__title\">\n\t\t\t<a href=\"https:\/\/discoversoller.com\/de\/fahrradverleih-und-fahrradtouren\/\" >\n\t\t\t\tFahrradverleih und Fahrradtouren\t\t\t<\/a>\n\t\t<\/h3>\n\t\t\n\t\t<a class=\"elementor-post__read-more\" href=\"https:\/\/discoversoller.com\/de\/fahrradverleih-und-fahrradtouren\/\" aria-label=\"Mehr \u00fcber Fahrradverleih und Fahrradtouren\" tabindex=\"-1\" >\n\t\t\tMehr lesen \u00bb\t\t<\/a>\n\n\t\t\t\t<\/div>\n\t\t\t\t\t<\/div>\n\t\t<\/article>\n\t\t\t\t<article class=\"elementor-post elementor-grid-item post-6804 page type-page status-publish has-post-thumbnail hentry\" role=\"listitem\">\n\t\t\t<div class=\"elementor-post__card\">\n\t\t\t\t<a class=\"elementor-post__thumbnail__link\" href=\"https:\/\/discoversoller.com\/de\/soller-ben-amunt\/\" tabindex=\"-1\" ><div class=\"elementor-post__thumbnail\"><img decoding=\"async\" width=\"720\" height=\"679\" src=\"https:\/\/discoversoller.com\/wp-content\/uploads\/2025\/01\/sba_1915-180424_2wfg0212-Aq2BybGb31SbwEqe-1.avif\" class=\"attachment-large size-large wp-image-6764\" alt=\"Discover Mallorca&#039;s scenic hiking trails, from coastal paths to mountain adventures.\" srcset=\"https:\/\/discoversoller.com\/wp-content\/uploads\/2025\/01\/sba_1915-180424_2wfg0212-Aq2BybGb31SbwEqe-1.avif 720w, https:\/\/discoversoller.com\/wp-content\/uploads\/2025\/01\/sba_1915-180424_2wfg0212-Aq2BybGb31SbwEqe-1-300x283.avif 300w, https:\/\/discoversoller.com\/wp-content\/uploads\/2025\/01\/sba_1915-180424_2wfg0212-Aq2BybGb31SbwEqe-1-600x566.avif 600w\" sizes=\"(max-width: 720px) 100vw, 720px\" \/><\/div><\/a>\n\t\t\t\t<div class=\"elementor-post__text\">\n\t\t\t\t<h3 class=\"elementor-post__title\">\n\t\t\t<a href=\"https:\/\/discoversoller.com\/de\/soller-ben-amunt\/\" >\n\t\t\t\tGef\u00fchrte Wanderungen\t\t\t<\/a>\n\t\t<\/h3>\n\t\t\n\t\t<a class=\"elementor-post__read-more\" href=\"https:\/\/discoversoller.com\/de\/soller-ben-amunt\/\" aria-label=\"Mehr \u00fcber Gef\u00fchrte Wanderungen\" tabindex=\"-1\" >\n\t\t\tMehr lesen \u00bb\t\t<\/a>\n\n\t\t\t\t<\/div>\n\t\t\t\t\t<\/div>\n\t\t<\/article>\n\t\t\t\t<\/div>\n\t\t\n\t\t\t\t\t\t<\/div>\n\t\t\t\t<\/div>\n\t\t\t\t\t<\/div>\n\t\t\t\t<\/div>\n\t\t<div class=\"elementor-element elementor-element-93db1c3 e-flex e-con-boxed wpr-particle-no wpr-jarallax-no wpr-parallax-no wpr-sticky-section-no wpr-equal-height-no e-con e-parent\" data-id=\"93db1c3\" data-element_type=\"container\" data-e-type=\"container\">\n\t\t\t\t\t<div class=\"e-con-inner\">\n\t\t\t\t<div class=\"elementor-element elementor-element-9200f47 elementor-widget elementor-widget-text-editor\" data-id=\"9200f47\" data-element_type=\"widget\" data-e-type=\"widget\" data-widget_type=\"text-editor.default\">\n\t\t\t\t<div class=\"elementor-widget-container\">\n\t\t\t\t\t\t\t\t\t<h3 style=\"text-align: center;\" data-start=\"0\" data-end=\"40\"><strong data-start=\"0\" data-end=\"38\">Mallorcas lokale M\u00e4rkte erkunden<\/strong><\/h3><p style=\"text-align: left;\" data-start=\"42\" data-end=\"604\" data-is-last-node=\"\" data-is-only-node=\"\">Eine der besten M\u00f6glichkeiten, das authentische mallorquinische Leben zu erleben, ist der Besuch der lokalen M\u00e4rkte der Insel. Diese M\u00e4rkte finden in charmanten D\u00f6rfern auf der ganzen Insel statt und bieten eine lebendige Mischung aus frischen Produkten, Kunsthandwerk und traditionellen K\u00f6stlichkeiten. Von buntem Obst und Gem\u00fcse bis hin zu handgefertigten Keramik- und Lederwaren bietet jeder Markt einen Einblick in Mallorcas reiche Kultur.  <\/p>\t\t\t\t\t\t\t\t<\/div>\n\t\t\t\t<\/div>\n\t\t\t\t\t<\/div>\n\t\t\t\t<\/div>\n\t\t\t\t<\/div>\n\t\t","protected":false},"excerpt":{"rendered":"<p>Der M\u00e4rz auf Mallorca markiert die Ankunft des Fr\u00fchlings und bringt w\u00e4rmere Temperaturen, l\u00e4ngere Tageslichtstunden und die ersten Hinweise auf die lebendige Sch\u00f6nheit der Insel mit sich. Es ist die ideale Zeit f\u00fcr alle, die eine ruhige Auszeit suchen, bevor die hektische Sommersaison beginnt. Mit kulturellen Veranstaltungen, Outdoor-Aktivit\u00e4ten und atemberaubenden Landschaften bietet der M\u00e4rz eine einzigartige Gelegenheit, Mallorca in einer authentischen und ruhigen Umgebung zu erleben. Warum Mallorca im M\u00e4rz besuchen? Mit dem Ausklingen des Februars bringt der M\u00e4rz eine sp\u00fcrbare Ver\u00e4nderung des Klimas auf Mallorca. Die Tage werden l\u00e4nger, die Sonne scheint h\u00e4ufiger, und die Temperaturen steigen auf angenehme 18 \u00b0C. Die Niederschl\u00e4ge sind geringer als in den vorangegangenen Monaten, so dass Aktivit\u00e4ten im Freien angenehmer sind. Obwohl gelegentlich Wolken oder leichter Nieselregen auftreten k\u00f6nnen, ist das Wetter insgesamt mild. M\u00e4rzfeste auf Mallorca Der M\u00e4rz auf Mallorca ist voller kultureller Festivit\u00e4ten, die die Traditionen der Insel zum Leben erwecken. Von historischen Messen bis hin zu lebhaften Stra\u00dfenfesten k\u00f6nnen Besucher das lokale Kunsthandwerk, die Musik und die K\u00fcche genie\u00dfen und dabei das lebendige Erbe der Insel erleben. Der M\u00e4rz auf Mallorca ist voller kultureller Festivit\u00e4ten, die die Traditionen der Insel zum Leben erwecken. Von historischen Messen bis hin zu lebhaften Stra\u00dfenfesten k\u00f6nnen Besucher das lokale Kunsthandwerk, die Musik und die K\u00fcche genie\u00dfen und dabei das lebendige Erbe der Insel erleben. Am 1. M\u00e4rz ist der D\u00eda de las Islas Baleares (Tag der Balearen), ein Feiertag zur Feier der Autonomie der Balearen. \u00dcberall auf der Insel k\u00f6nnen Besucher Stra\u00dfenm\u00e4rkte, Live-Musik, traditionelle T\u00e4nze und gastronomische Messen genie\u00dfen. Palma, die Hauptstadt der Insel, ist das Epizentrum der Feierlichkeiten und bietet alles von Kunsthandwerksst\u00e4nden bis zu lokalen K\u00f6stlichkeiten wie Sobrassada und Ensa\u00efmadas. Fira del Fang &#8211; Die T\u00f6pfermesse in Marratx\u00ed Ein H\u00f6hepunkt im M\u00e4rz ist die Fira del Fang (T\u00f6pfermesse) in Marratx\u00ed, einer Stadt, die als Keramikhauptstadt von Mallorca bekannt ist. Auf dieser Veranstaltung werden handgefertigte T\u00f6pferwaren von einheimischen und internationalen Kunsthandwerkern ausgestellt. Die Besucher k\u00f6nnen sich wundersch\u00f6n gestaltete Keramik ansehen, Live-Demonstrationen verfolgen und sogar an T\u00f6pferworkshops teilnehmen. Es ist eine hervorragende Gelegenheit, ein einzigartiges Souvenir mit nach Hause zu nehmen und gleichzeitig die lokale Handwerkskunst zu unterst\u00fctzen. Fira del Ram &#8211; Mallorcas Fr\u00fchjahrskirmes F\u00fcr alle, die auf der Suche nach familienfreundlicher Unterhaltung sind, ist die Fira del Ram in Palma ein Pflichtbesuch. Dieser j\u00e4hrliche Jahrmarkt, der von Anfang M\u00e4rz bis Mitte April stattfindet, bietet aufregende Fahrgesch\u00e4fte, Spielbuden und Essensverk\u00e4ufer. Von aufregenden Achterbahnen bis hin zu klassischen Karussells bietet sie Spa\u00df f\u00fcr alle Altersgruppen. Der Jahrmarkt ist vor allem abends sehr lebendig, mit hellen Lichtern und einer festlichen Atmosph\u00e4re, die ihn zu einem der am meisten erwarteten Fr\u00fchlingsereignisse macht. Outdoor-Abenteuer und bl\u00fchende Landschaften Der M\u00e4rz ist der perfekte Monat f\u00fcr Outdoor-Fans. Die k\u00fchleren Temperaturen und die \u00fcppig gr\u00fcnen Landschaften machen das Wandern in der Serra de Tramuntana zu einem unvergesslichen Erlebnis. Beliebte Wanderwege wie der Puig de Galatz\u00f3 oder der Barranc de Biniaraix in S\u00f3ller bieten atemberaubende Aussichten und die M\u00f6glichkeit, die Flora der Insel in voller Bl\u00fcte zu erleben. Au\u00dferdem dauert die Mandelbl\u00fcte, die im Februar beginnt, oft bis Anfang M\u00e4rz an und sorgt f\u00fcr malerische Landschaften in der Umgebung. F\u00fcr Radsportbegeisterte bieten die gut ausgebauten Stra\u00dfen und anspruchsvollen Bergstrecken der Insel ein hervorragendes Trainingsgel\u00e4nde. Viele Profi- und Hobbyradler str\u00f6men im M\u00e4rz nach Mallorca, um das angenehme Wetter und die malerischen Strecken zu genie\u00dfen. Mallorcas lokale M\u00e4rkte erkunden Eine der besten M\u00f6glichkeiten, das authentische mallorquinische Leben zu erleben, ist der Besuch der lokalen M\u00e4rkte der Insel. Diese M\u00e4rkte finden in charmanten D\u00f6rfern auf der ganzen Insel statt und bieten eine lebendige Mischung aus frischen Produkten, Kunsthandwerk und traditionellen K\u00f6stlichkeiten. Von buntem Obst und Gem\u00fcse bis hin zu handgefertigten Keramik- und Lederwaren bietet jeder Markt einen Einblick in Mallorcas reiche Kultur.<\/p>\n","protected":false},"author":1,"featured_media":9196,"comment_status":"open","ping_status":"open","sticky":false,"template":"","format":"standard","meta":{"_monsterinsights_skip_tracking":false,"_monsterinsights_sitenote_active":false,"_monsterinsights_sitenote_note":"","_monsterinsights_sitenote_category":0,"footnotes":""},"categories":[216],"tags":[],"class_list":["post-9262","post","type-post","status-publish","format-standard","has-post-thumbnail","hentry","category-veranstaltungen"],"aioseo_notices":[],"_links":{"self":[{"href":"https:\/\/discoversoller.com\/de\/wp-json\/wp\/v2\/posts\/9262","targetHints":{"allow":["GET"]}}],"collection":[{"href":"https:\/\/discoversoller.com\/de\/wp-json\/wp\/v2\/posts"}],"about":[{"href":"https:\/\/discoversoller.com\/de\/wp-json\/wp\/v2\/types\/post"}],"author":[{"embeddable":true,"href":"https:\/\/discoversoller.com\/de\/wp-json\/wp\/v2\/users\/1"}],"replies":[{"embeddable":true,"href":"https:\/\/discoversoller.com\/de\/wp-json\/wp\/v2\/comments?post=9262"}],"version-history":[{"count":1,"href":"https:\/\/discoversoller.com\/de\/wp-json\/wp\/v2\/posts\/9262\/revisions"}],"predecessor-version":[{"id":9263,"href":"https:\/\/discoversoller.com\/de\/wp-json\/wp\/v2\/posts\/9262\/revisions\/9263"}],"wp:featuredmedia":[{"embeddable":true,"href":"https:\/\/discoversoller.com\/de\/wp-json\/wp\/v2\/media\/9196"}],"wp:attachment":[{"href":"https:\/\/discoversoller.com\/de\/wp-json\/wp\/v2\/media?parent=9262"}],"wp:term":[{"taxonomy":"category","embeddable":true,"href":"https:\/\/discoversoller.com\/de\/wp-json\/wp\/v2\/categories?post=9262"},{"taxonomy":"post_tag","embeddable":true,"href":"https:\/\/discoversoller.com\/de\/wp-json\/wp\/v2\/tags?post=9262"}],"curies":[{"name":"wp","href":"https:\/\/api.w.org\/{rel}","templated":true}]}}