{"id":8104,"date":"2025-02-07T13:03:23","date_gmt":"2025-02-07T12:03:23","guid":{"rendered":"https:\/\/discoversoller.com\/?page_id=8104"},"modified":"2026-02-09T16:07:40","modified_gmt":"2026-02-09T15:07:40","slug":"la-catedral-de-palma-la-seu-de-santa-maria","status":"publish","type":"post","link":"https:\/\/discoversoller.com\/de\/la-catedral-de-palma-la-seu-de-santa-maria\/","title":{"rendered":"La Catedral de Palma &#8211; La Seu de Santa Mar\u00eda"},"content":{"rendered":"\t\t<div data-elementor-type=\"wp-page\" data-elementor-id=\"8104\" class=\"elementor elementor-8104 elementor-8056\" data-elementor-post-type=\"post\">\n\t\t\t\t<div class=\"elementor-element elementor-element-0672f4c e-flex e-con-boxed wpr-particle-no wpr-jarallax-no wpr-parallax-no wpr-sticky-section-no wpr-equal-height-no e-con e-parent\" data-id=\"0672f4c\" data-element_type=\"container\" data-e-type=\"container\">\n\t\t\t\t\t<div class=\"e-con-inner\">\n\t\t\t\t<div class=\"elementor-element elementor-element-f4ae7b4 elementor-skin-carousel elementor-arrows-yes elementor-pagination-type-bullets elementor-pagination-position-outside elementor-widget elementor-widget-media-carousel\" data-id=\"f4ae7b4\" data-element_type=\"widget\" data-e-type=\"widget\" data-settings=\"{&quot;slides_per_view&quot;:&quot;1&quot;,&quot;skin&quot;:&quot;carousel&quot;,&quot;effect&quot;:&quot;slide&quot;,&quot;show_arrows&quot;:&quot;yes&quot;,&quot;pagination&quot;:&quot;bullets&quot;,&quot;speed&quot;:500,&quot;autoplay&quot;:&quot;yes&quot;,&quot;autoplay_speed&quot;:5000,&quot;loop&quot;:&quot;yes&quot;,&quot;pause_on_hover&quot;:&quot;yes&quot;,&quot;pause_on_interaction&quot;:&quot;yes&quot;,&quot;space_between&quot;:{&quot;unit&quot;:&quot;px&quot;,&quot;size&quot;:10,&quot;sizes&quot;:[]},&quot;space_between_tablet&quot;:{&quot;unit&quot;:&quot;px&quot;,&quot;size&quot;:10,&quot;sizes&quot;:[]},&quot;space_between_mobile&quot;:{&quot;unit&quot;:&quot;px&quot;,&quot;size&quot;:10,&quot;sizes&quot;:[]}}\" data-widget_type=\"media-carousel.default\">\n\t\t\t\t<div class=\"elementor-widget-container\">\n\t\t\t\t\t\t\t\t\t<div class=\"elementor-swiper\">\n\t\t\t\t\t<div class=\"elementor-main-swiper swiper\" role=\"region\" aria-roledescription=\"carousel\" aria-label=\"Slides\">\n\t\t\t\t<div class=\"swiper-wrapper\">\n\t\t\t\t\t\t\t\t\t\t\t<div class=\"swiper-slide\" role=\"group\" aria-roledescription=\"slide\">\n\t\t\t\t\t\t\t\t\t<div class=\"elementor-carousel-image\" role=\"img\" aria-label=\"Incredible view of La Seu and Palma\u2019s old town next to Parc de la Mar\" style=\"background-image: url(&#039;https:\/\/discoversoller.com\/wp-content\/uploads\/2025\/02\/wolfgang-weiser-_TpbJN2KVYc-unsplash-scaled.jpg&#039;)\">\n\n\t\t\t\n\t\t\t\t\t<\/div>\n\t\t\t\t\t\t\t\t<\/div>\n\t\t\t\t\t\t\t\t\t\t\t<div class=\"swiper-slide\" role=\"group\" aria-roledescription=\"slide\">\n\t\t\t\t\t\t\t\t\t<div class=\"elementor-carousel-image\" role=\"img\" aria-label=\"The iconic rose window of Catedral de Palma, one of the largest in the Gothic world\" style=\"background-image: url(&#039;https:\/\/discoversoller.com\/wp-content\/uploads\/2025\/02\/gaudi-812657_1280.jpg&#039;)\">\n\n\t\t\t\n\t\t\t\t\t<\/div>\n\t\t\t\t\t\t\t\t<\/div>\n\t\t\t\t\t\t\t\t\t\t\t<div class=\"swiper-slide\" role=\"group\" aria-roledescription=\"slide\">\n\t\t\t\t\t\t\t\t\t<div class=\"elementor-carousel-image\" role=\"img\" aria-label=\"Stunning Mediterranean views from the terraces of Palma Cathedral\" style=\"background-image: url(&#039;https:\/\/discoversoller.com\/wp-content\/uploads\/2025\/02\/Catedral-Palma-Terraza.jpg&#039;)\">\n\n\t\t\t\n\t\t\t\t\t<\/div>\n\t\t\t\t\t\t\t\t<\/div>\n\t\t\t\t\t\t\t\t\t\t\t<div class=\"swiper-slide\" role=\"group\" aria-roledescription=\"slide\">\n\t\t\t\t\t\t\t\t\t<div class=\"elementor-carousel-image\" role=\"img\" aria-label=\"Cathedral Palma de Mallorca - Cathedral La Seu\" style=\"background-image: url(&#039;https:\/\/discoversoller.com\/wp-content\/uploads\/2025\/02\/Catedral-Palma-Gothic-Art.jpg&#039;)\">\n\n\t\t\t\n\t\t\t\t\t<\/div>\n\t\t\t\t\t\t\t\t<\/div>\n\t\t\t\t\t\t\t\t\t\t\t<div class=\"swiper-slide\" role=\"group\" aria-roledescription=\"slide\">\n\t\t\t\t\t\t\t\t\t<div class=\"elementor-carousel-image\" role=\"img\" aria-label=\"The stunning Gothic fa\u00e7ade of Palma Cathedral under a blue sky\" style=\"background-image: url(&#039;https:\/\/discoversoller.com\/wp-content\/uploads\/2025\/02\/felix-801ggA_yXk0-unsplash-scaled.jpg&#039;)\">\n\n\t\t\t\n\t\t\t\t\t<\/div>\n\t\t\t\t\t\t\t\t<\/div>\n\t\t\t\t\t\t\t\t\t\t\t<div class=\"swiper-slide\" role=\"group\" aria-roledescription=\"slide\">\n\t\t\t\t\t\t\t\t\t<div class=\"elementor-carousel-image\" role=\"img\" aria-label=\"The Cathedral of Palma reflecting on the Parc de la Mar lake\" style=\"background-image: url(&#039;https:\/\/discoversoller.com\/wp-content\/uploads\/2025\/02\/Catedral-Palma-Noche.jpg&#039;)\">\n\n\t\t\t\n\t\t\t\t\t<\/div>\n\t\t\t\t\t\t\t\t<\/div>\n\t\t\t\t\t\t\t\t\t<\/div>\n\t\t\t\t\t\t\t\t\t\t\t\t\t\t\t<div class=\"elementor-swiper-button elementor-swiper-button-prev\" role=\"button\" tabindex=\"0\" aria-label=\"Voriger\">\n\t\t\t\t\t\t\t<i aria-hidden=\"true\" class=\"eicon-chevron-left\"><\/i>\t\t\t\t\t\t<\/div>\n\t\t\t\t\t\t<div class=\"elementor-swiper-button elementor-swiper-button-next\" role=\"button\" tabindex=\"0\" aria-label=\"N\u00e4chster\">\n\t\t\t\t\t\t\t<i aria-hidden=\"true\" class=\"eicon-chevron-right\"><\/i>\t\t\t\t\t\t<\/div>\n\t\t\t\t\t\t\t\t\t\t\t\t\t\t\t\t<div class=\"swiper-pagination\"><\/div>\n\t\t\t\t\t\t\t\t\t\t\t\t<\/div>\n\t\t\t\t<\/div>\n\t\t\t\t\t\t\t\t<\/div>\n\t\t\t\t<\/div>\n\t\t\t\t\t<\/div>\n\t\t\t\t<\/div>\n\t\t<div class=\"elementor-element elementor-element-4861db8 e-flex e-con-boxed wpr-particle-no wpr-jarallax-no wpr-parallax-no wpr-sticky-section-no wpr-equal-height-no e-con e-parent\" data-id=\"4861db8\" data-element_type=\"container\" data-e-type=\"container\">\n\t\t\t\t\t<div class=\"e-con-inner\">\n\t\t\t\t<div class=\"elementor-element elementor-element-c8bb254 elementor-widget elementor-widget-heading\" data-id=\"c8bb254\" data-element_type=\"widget\" data-e-type=\"widget\" data-widget_type=\"heading.default\">\n\t\t\t\t<div class=\"elementor-widget-container\">\n\t\t\t\t\t<h2 class=\"elementor-heading-title elementor-size-default\">La Seu de Palma de Mallorca<\/h2>\t\t\t\t<\/div>\n\t\t\t\t<\/div>\n\t\t\t\t\t<\/div>\n\t\t\t\t<\/div>\n\t\t<div class=\"elementor-element elementor-element-db423dd e-flex e-con-boxed wpr-particle-no wpr-jarallax-no wpr-parallax-no wpr-sticky-section-no wpr-equal-height-no e-con e-parent\" data-id=\"db423dd\" data-element_type=\"container\" data-e-type=\"container\">\n\t\t\t\t\t<div class=\"e-con-inner\">\n\t\t\t\t<div class=\"elementor-element elementor-element-07bd2b0 elementor-widget elementor-widget-heading\" data-id=\"07bd2b0\" data-element_type=\"widget\" data-e-type=\"widget\" data-widget_type=\"heading.default\">\n\t\t\t\t<div class=\"elementor-widget-container\">\n\t\t\t\t\t<h2 class=\"elementor-heading-title elementor-size-default\">Entdecken Sie die majest\u00e4tische gotische Kathedrale von Palma de Mallorca<\/h2>\t\t\t\t<\/div>\n\t\t\t\t<\/div>\n\t\t\t\t\t<\/div>\n\t\t\t\t<\/div>\n\t\t<div class=\"elementor-element elementor-element-9fe4695 e-flex e-con-boxed wpr-particle-no wpr-jarallax-no wpr-parallax-no wpr-sticky-section-no wpr-equal-height-no e-con e-parent\" data-id=\"9fe4695\" data-element_type=\"container\" data-e-type=\"container\">\n\t\t\t\t\t<div class=\"e-con-inner\">\n\t\t\t\t<div class=\"elementor-element elementor-element-b4a1317 elementor-widget elementor-widget-text-editor\" data-id=\"b4a1317\" data-element_type=\"widget\" data-e-type=\"widget\" data-widget_type=\"text-editor.default\">\n\t\t\t\t<div class=\"elementor-widget-container\">\n\t\t\t\t\t\t\t\t\t<p>Ein imposanter Steinhaufen \u00fcberragt die <strong>Bucht von Palma<\/strong>, nur wenige Meter vom Meer entfernt, das mit dem intensiven Blau des Mittelmeers kontrastiert: Fels gegen Wasser, Festigkeit gegen Instabilit\u00e4t, Glaube gegen Unsicherheit. Die <strong>Kathedrale der Heiligen Maria in Palma<\/strong> (im Volksmund La Seu\u201c genannt) ist seit fast acht Jahrhunderten das Wahrzeichen der Stadt, seit <strong>K\u00f6nig Jaume I. von Aragonien<\/strong> anordnete, die Moschee Madina Mayurqa abzurei\u00dfen und an ihrer Stelle einen gro\u00dfen, der Heiligen Maria geweihten Tempel zu errichten. Dies war eine seiner ersten Entscheidungen nach der Eroberung <strong>Mallorcas<\/strong> f\u00fcr die christlichen K\u00f6nigreiche. Damit erf\u00fcllte er sein Gel\u00fcbde gegen\u00fcber der Jungfrau, die ihn vor dem starken Sturm gerettet hatte, der die Schiffe der Krone von Aragonien auf dem Weg zur Insel \u00fcberrollte. Das Ergebnis war diese wundersch\u00f6ne <strong>gotische Kathedrale im mediterranen Stil<\/strong>, die \u00fcber drei Jahrhunderte hinweg erbaut wurde, wenn auch mit sp\u00e4teren \u00c4nderungen und Erweiterungen. Das Bauwerk hat mehrere Rekorde aufgestellt und steckt voller \u00dcberraschungen, die wir Ihnen nun vorstellen werden.   <\/p>\t\t\t\t\t\t\t\t<\/div>\n\t\t\t\t<\/div>\n\t\t\t\t<div class=\"elementor-element elementor-element-8c9cb4c elementor-widget elementor-widget-gallery\" data-id=\"8c9cb4c\" data-element_type=\"widget\" data-e-type=\"widget\" data-settings=\"{&quot;columns&quot;:2,&quot;gap&quot;:{&quot;unit&quot;:&quot;px&quot;,&quot;size&quot;:1,&quot;sizes&quot;:[]},&quot;aspect_ratio&quot;:&quot;16:9&quot;,&quot;lazyload&quot;:&quot;yes&quot;,&quot;gallery_layout&quot;:&quot;grid&quot;,&quot;columns_tablet&quot;:2,&quot;columns_mobile&quot;:1,&quot;gap_tablet&quot;:{&quot;unit&quot;:&quot;px&quot;,&quot;size&quot;:10,&quot;sizes&quot;:[]},&quot;gap_mobile&quot;:{&quot;unit&quot;:&quot;px&quot;,&quot;size&quot;:10,&quot;sizes&quot;:[]},&quot;overlay_background&quot;:&quot;yes&quot;,&quot;content_hover_animation&quot;:&quot;fade-in&quot;}\" data-widget_type=\"gallery.default\">\n\t\t\t\t<div class=\"elementor-widget-container\">\n\t\t\t\t\t\t\t<div class=\"elementor-gallery__container\">\n\t\t\t\t\t\t\t<div class=\"e-gallery-item elementor-gallery-item elementor-animated-content\">\n\t\t\t\t\t<div class=\"e-gallery-image elementor-gallery-item__image\" data-thumbnail=\"https:\/\/discoversoller.com\/wp-content\/uploads\/2025\/02\/Catedral-La-Seu-Palma-de-Mallorca-1024x574.jpg\" data-width=\"1024\" data-height=\"574\" aria-label=\"\" role=\"img\" ><\/div>\n\t\t\t\t\t\t\t\t\t\t\t<div class=\"elementor-gallery-item__overlay\"><\/div>\n\t\t\t\t\t\t\t\t\t\t\t\t\t\t<\/div>\n\t\t\t\t\t\t\t<div class=\"e-gallery-item elementor-gallery-item elementor-animated-content\">\n\t\t\t\t\t<div class=\"e-gallery-image elementor-gallery-item__image\" data-thumbnail=\"https:\/\/discoversoller.com\/wp-content\/uploads\/2025\/02\/Fiesta-de-la-Luz-de-la-Catedral-de-Palma-1024x576.jpg\" data-width=\"1024\" data-height=\"576\" aria-label=\"\" role=\"img\" ><\/div>\n\t\t\t\t\t\t\t\t\t\t\t<div class=\"elementor-gallery-item__overlay\"><\/div>\n\t\t\t\t\t\t\t\t\t\t\t\t\t\t<\/div>\n\t\t\t\t\t<\/div>\n\t\t\t\t\t<\/div>\n\t\t\t\t<\/div>\n\t\t\t\t<div class=\"elementor-element elementor-element-f977765 elementor-widget elementor-widget-heading\" data-id=\"f977765\" data-element_type=\"widget\" data-e-type=\"widget\" data-widget_type=\"heading.default\">\n\t\t\t\t<div class=\"elementor-widget-container\">\n\t\t\t\t\t<h2 class=\"elementor-heading-title elementor-size-default\">Historischer Hintergrund<\/h2>\t\t\t\t<\/div>\n\t\t\t\t<\/div>\n\t\t\t\t<div class=\"elementor-element elementor-element-25b92dd elementor-widget elementor-widget-text-editor\" data-id=\"25b92dd\" data-element_type=\"widget\" data-e-type=\"widget\" data-widget_type=\"text-editor.default\">\n\t\t\t\t<div class=\"elementor-widget-container\">\n\t\t\t\t\t\t\t\t\t<p>Nach der Eroberung <strong>Mallorcas<\/strong> im Jahr 1229 plante <strong>K\u00f6nig Jaume I<\/strong>. eine gro\u00dfe Kathedrale, die die Hauptmoschee der Insel ersetzen sollte. Mehrere Jahre lang diente das bestehende Bauwerk jedoch weiterhin als Ort f\u00fcr christliche Gottesdienste. Erst um <strong>1300<\/strong>, unter der Herrschaft seines Sohnes Jakob II., begannen die Bauarbeiten f\u00fcr eine v\u00f6llig neue gotische Kathedrale. Der erste Teil, der fertiggestellt wurde, war die <strong>K\u00f6nigliche Kapelle<\/strong>, in der heute die ehemaligen Monarchen der Insel ruhen. Die Bauarbeiten an der Kathedrale dauerten \u00fcber <strong>300 Jahre<\/strong>, und <strong>1601 <\/strong>wurde sie schlie\u00dflich eingeweiht.    <\/p><p>Eines der charakteristischen Merkmale von <strong> La Seu<\/strong> ist sein architektonischer Grundriss, der eher einem <strong>basilikalen Grundriss <\/strong> folgt als dem traditionellen lateinischen Kreuz, wie es in vielen gotischen Kathedralen zu finden ist. Der weitl\u00e4ufige Innenraum wird von hoch aufragenden, schlanken S\u00e4ulen getragen, und das Mittelschiff erreicht eine erstaunliche H\u00f6he von <strong>44 Metern<\/strong> und z\u00e4hlt damit zu den h\u00f6chsten in Europa. <\/p><p>Die Kathedrale ist auch f\u00fcr ihre leuchtende Atmosph\u00e4re bekannt, denn das Licht str\u00f6mt durch ihre <strong>87 Buntglasfenster<\/strong> und sieben atemberaubenden Rosettenfenster, was ihr den Titel \u201eKathedrale des Lichts\u201c einbrachte. Das reich verzierte Innere ist \u00fcberwiegend barock, mit <strong>16 Kapellen<\/strong>, in denen erlesene Altarbilder zu sehen sind. Eines der ber\u00fchmtesten ist das <strong>Corpus-Christi-Altarbild<\/strong> von Jaume Blanquer, eine beeindruckende Darstellung des letzten Abendmahls.  <\/p><p>Im Gegensatz zu den meisten Kathedralen liegt der Haupteingang von La Seu, das <strong>Mirador Portal<\/strong>, nicht zur Stadt hin, sondern zum <strong>Mittelmeer<\/strong> hin, was einen dramatischen visuellen Kontrast schafft. Dieser Eingang wird von einem beeindruckenden Spitzbogen eingerahmt und weist ein wundersch\u00f6nes Relief des letzten Abendmahls auf. Auf der gegen\u00fcberliegenden Seite ist das <strong> Almoina-Portal<\/strong> mit einer fein gearbeiteten Engelsfigur geschm\u00fcckt, die von dem gotischen Baumeister Guillem Sagrera geschaffen wurde.  <\/p><p>Das Hauptportal, das <strong>1601<\/strong> im Stil der Renaissance fertiggestellt wurde, ist der Jungfrau Maria gewidmet und zeigt eine kunstvolle Darstellung der Unbefleckten Empf\u00e4ngnis, umgeben von symbolischen Motiven.<\/p>\t\t\t\t\t\t\t\t<\/div>\n\t\t\t\t<\/div>\n\t\t\t\t\t<\/div>\n\t\t\t\t<\/div>\n\t\t<div class=\"elementor-element elementor-element-77bb883 e-flex e-con-boxed wpr-particle-no wpr-jarallax-no wpr-parallax-no wpr-sticky-section-no wpr-equal-height-no e-con e-parent\" data-id=\"77bb883\" data-element_type=\"container\" data-e-type=\"container\">\n\t\t\t\t\t<div class=\"e-con-inner\">\n\t\t\t\t<div class=\"elementor-element elementor-element-a8e0449 elementor-widget elementor-widget-heading\" data-id=\"a8e0449\" data-element_type=\"widget\" data-e-type=\"widget\" data-widget_type=\"heading.default\">\n\t\t\t\t<div class=\"elementor-widget-container\">\n\t\t\t\t\t<h2 class=\"elementor-heading-title elementor-size-default\">Architektonische H\u00f6hepunkte<\/h2>\t\t\t\t<\/div>\n\t\t\t\t<\/div>\n\t\t\t\t<div class=\"elementor-element elementor-element-73166b9 elementor-widget elementor-widget-text-editor\" data-id=\"73166b9\" data-element_type=\"widget\" data-e-type=\"widget\" data-widget_type=\"text-editor.default\">\n\t\t\t\t<div class=\"elementor-widget-container\">\n\t\t\t\t\t\t\t\t\t<p>Das atemberaubendste und symboltr\u00e4chtigste Merkmal von <strong>La Seu<\/strong> ist zweifellos seine pr\u00e4chtige <strong>Fensterrose<\/strong>, die oft als \u201e<strong>gotisches Auge<\/strong>\u201c bezeichnet wird. Mit einem beeindruckenden Durchmesser von <strong>13,8 Metern<\/strong> gilt es als die <strong>gr\u00f6\u00dfte gotische Fensterrose der Welt<\/strong>. Dieses Meisterwerk wurde im <strong>16. Jahrhundert<\/strong> \u00fcber dem Hochaltar und nicht an der Hauptfassade angebracht &#8211; eine ungew\u00f6hnliche Platzierung. <\/p><p>Das aus <strong> 1 236 kunstvoll angeordneten Buntglasscheibe<\/strong>n bestehende Fenster bildet einen perfekten <strong>Davidstern<\/strong> und taucht das Hauptschiff der Kathedrale in ein Kaleidoskop aus farbigem Licht. Im Laufe der Jahrhunderte wurde das Glas mehrfach ausgetauscht, vor allem nach Besch\u00e4digungen w\u00e4hrend des Spanischen B\u00fcrgerkriegs. <\/p><p><strong>Einzigartig ist auch die zweite,<\/strong> kleinere Fensterrose an der Westfassade der Kathedrale, die zusammen mit dem Hauptfenster ein seltenes und atemberaubendes <strong>Lichtph\u00e4nomen <\/strong>erzeugt. Zweimal im Jahr &#8211; am<strong> 2. Februar<\/strong> (Mari\u00e4 Lichtmess) und <strong>am 11. November <\/strong>(Martinstag) &#8211; richtet sich die Morgensonne perfekt auf die Struktur der Kathedrale aus und projiziert das farbige Licht der gro\u00dfen Fensterrose direkt unter die kleinere, so dass ein eindrucksvolles Achtermuster entsteht. Dieses Spektakel ist als <strong>Festival des Lichts<\/strong> bekannt und zieht viele Besucher an, die dieses magische Zusammenspiel von Licht und Architektur erleben wollen. <\/p><p>Im Laufe ihrer Geschichte hat die Kathedrale <strong>La Seu <\/strong> mehrere Renovierungen erfahren, aber keine war so umw\u00e4lzend wie die des ber\u00fchmten <strong>katalanischen Architekten Antoni Gaud\u00ed<\/strong>. Zwischen <strong>1904 und 1914<\/strong> gestaltete Gaud\u00ed auf Wunsch des <strong>Bischofs Pere Joan Campins<\/strong> das Innere der Kathedrale neu, indem er den Chor aus dem Mittelschiff in den Altarraum verlegte, neun neue Buntglasfenster entwarf und die zugemauerten Fenster wieder \u00f6ffnete, um die nat\u00fcrliche Beleuchtung zu verbessern.<\/p><p>Er f\u00fchrte auch neue Einrichtungsgegenst\u00e4nde ein und schuf einen kunstvollen <strong>Baldachin \u00fcber dem Hauptaltar <\/strong> &#8211; eine beeindruckende siebeneckige Struktur, die mit einem geschnitzten Kruzifix, der <strong>Jungfrau Maria<\/strong> und dem <strong>Heiligen Johannes<\/strong> geschm\u00fcckt ist. Die endg\u00fcltige Version dieses Werks wurde jedoch nie fertiggestellt, da Gaud\u00ed das Projekt nach einem Streit mit dem Bauunternehmer aufgab.<\/p><p><strong>2007 <\/strong>enth\u00fcllte der renommierte <strong>mallorquinische K\u00fcnstler Miquel Barcel\u00f3<\/strong> sein ehrgeiziges Werk in der <strong>Kapelle des Allerheiligsten Sakraments<\/strong>. Sein gro\u00dfformatiges polychromes Keramik-Wandbild, das vom biblischen <strong>Wunder der Brote und Fische inspiriert ist<\/strong>, verleiht der Kathedrale eine zeitgen\u00f6ssische und zugleich tief spirituelle Dimension. Heute ist dieses Meisterwerk eine der fesselndsten modernen Erg\u00e4nzungen von <strong>La Seu,<\/strong> die Jahrhunderte k\u00fcnstlerischer Entwicklung in einem au\u00dfergew\u00f6hnlichen Raum vereint. <\/p>\t\t\t\t\t\t\t\t<\/div>\n\t\t\t\t<\/div>\n\t\t\t\t\t<\/div>\n\t\t\t\t<\/div>\n\t\t<div class=\"elementor-element elementor-element-e3a1140 e-flex e-con-boxed wpr-particle-no wpr-jarallax-no wpr-parallax-no wpr-sticky-section-no wpr-equal-height-no e-con e-parent\" data-id=\"e3a1140\" data-element_type=\"container\" data-e-type=\"container\">\n\t\t\t\t\t<div class=\"e-con-inner\">\n\t\t\t\t<div class=\"elementor-element elementor-element-395a89b elementor-widget elementor-widget-heading\" data-id=\"395a89b\" data-element_type=\"widget\" data-e-type=\"widget\" data-widget_type=\"heading.default\">\n\t\t\t\t<div class=\"elementor-widget-container\">\n\t\t\t\t\t<h2 class=\"elementor-heading-title elementor-size-default\">Informationen f\u00fcr Besucher<\/h2>\t\t\t\t<\/div>\n\t\t\t\t<\/div>\n\t\t\t\t<div class=\"elementor-element elementor-element-4f52533 elementor-widget elementor-widget-text-editor\" data-id=\"4f52533\" data-element_type=\"widget\" data-e-type=\"widget\" data-widget_type=\"text-editor.default\">\n\t\t\t\t<div class=\"elementor-widget-container\">\n\t\t\t\t\t\t\t\t\t<p>La Seu ist die ganze Woche \u00fcber f\u00fcr Besucher ge\u00f6ffnet, wobei die \u00d6ffnungszeiten je nach Jahreszeit variieren:<\/p><ul><li><strong>November bis April<\/strong>: Montag bis Freitag, 10:00 Uhr bis 15:15 Uhr.<\/li><li><strong>Mai bis Oktober<\/strong>: Montag bis Freitag, 10:00 Uhr bis 17:15 Uhr.<\/li><li><strong>Samstags (ganzj\u00e4hrig)<\/strong>: 10.00 Uhr bis 14.15 Uhr.<\/li><li><strong>Sonntags geschlossen.<\/strong><\/li><\/ul><p>Bitte beachten Sie, dass die Kathedrale an bestimmten Feiertagen geschlossen ist, darunter Allerheiligen (1. November), 25. Dezember und 31. Dezember.<\/p><p><strong>Eintrittspreise<\/strong><\/p><ul><li><strong>Erwachsene<\/strong>: 10 \u20ac.<\/li><li><strong>Senioren (65+)<\/strong>: 8 \u20ac<\/li><li><strong>Gef\u00fchrte Tour<\/strong>: 30 \u20ac pro Person<\/li><li><strong>Zugang zur Terrasse<\/strong>: 25<\/li><li><strong>Anwohner<\/strong>: 8<\/li><li><strong>Kinder bis zu 9 Jahren<\/strong>: Freier Eintritt<\/li><\/ul><p>Einwohner und Einheimische der Di\u00f6zese Mallorca k\u00f6nnen die Kathedrale jeden Freitag kostenlos besuchen, wenn sie sich an der Kasse der Kathedrale eine Eintrittskarte besorgen und einen Nachweis \u00fcber ihren Wohnsitz oder ihre Herkunft vorlegen.<\/p><p><strong>Kauf der Eintrittskarte<\/strong><\/p><p>Die Eintrittskarten k\u00f6nnen direkt an der Kasse der Kathedrale oder online bei autorisierten Anbietern erworben werden. Um einen reibungslosen Ablauf zu gew\u00e4hrleisten und Warteschlangen zu vermeiden, ist es ratsam, im Voraus zu buchen. Sie k\u00f6nnen die Tickets <a href=\"https:\/\/catedraldemallorca.org\/\">hier online kaufen<\/a>.  <\/p><p><strong>Bemerkenswerte Merkmale<\/strong><\/p><ul><li><strong>Das zentrale Kirchenschiff<\/strong>: Mit 44 Metern ist es eines der h\u00f6chsten in Europa.<\/li><li><strong>Buntglasfenster<\/strong>: Die Kathedrale verf\u00fcgt \u00fcber 87 gro\u00dfe Fenster und sieben Rosetten, darunter die ber\u00fchmte zentrale Rosette, die als das \u201eAuge der Gotik\u201c bekannt ist und den Innenraum bei Sonnenaufgang in ein Kaleidoskop von Farben taucht.<\/li><li><strong>Gaud\u00eds Baldachin<\/strong>: Ein markanter schmiedeeiserner Baldachin, der einer Dornenkrone \u00e4hnelt und \u00fcber dem Hauptaltar h\u00e4ngt.<\/li><li><strong>Barcel\u00f3s Kapelle<\/strong>: Ein modernes Keramik-Wandbild in der Kapelle des Heiligen Sakraments, das biblische Szenen in einem zeitgen\u00f6ssischen Stil darstellt.<\/li><\/ul><p>Ein Besuch in La Seu bietet einen tiefen Einblick in Mallorcas kulturelles und religi\u00f6ses Erbe, in dem sich historische Architektur mit modernen k\u00fcnstlerischen Ausdrucksformen verbindet. Es ist ein unverzichtbares Erlebnis f\u00fcr jeden Reisenden auf der Insel. <\/p><p>Standort: Vor dem <a href=\"https:\/\/discoversoller.com\/de\/der-koenigspalast-almudaina\/\">K\u00f6nigspalast Almudaina<\/a><\/p>\t\t\t\t\t\t\t\t<\/div>\n\t\t\t\t<\/div>\n\t\t\t\t\t<\/div>\n\t\t\t\t<\/div>\n\t\t<div class=\"elementor-element elementor-element-042ad81 e-flex e-con-boxed wpr-particle-no wpr-jarallax-no wpr-parallax-no wpr-sticky-section-no wpr-equal-height-no e-con e-parent\" data-id=\"042ad81\" data-element_type=\"container\" data-e-type=\"container\">\n\t\t\t\t\t<div class=\"e-con-inner\">\n\t\t\t\t<div class=\"elementor-element elementor-element-8e13bda elementor-posts--align-center elementor-grid-3 elementor-grid-tablet-2 elementor-grid-mobile-1 elementor-posts--thumbnail-top elementor-card-shadow-yes elementor-posts__hover-gradient elementor-widget elementor-widget-posts\" data-id=\"8e13bda\" data-element_type=\"widget\" data-e-type=\"widget\" data-settings=\"{&quot;cards_columns&quot;:&quot;3&quot;,&quot;cards_columns_tablet&quot;:&quot;2&quot;,&quot;cards_columns_mobile&quot;:&quot;1&quot;,&quot;cards_row_gap&quot;:{&quot;unit&quot;:&quot;px&quot;,&quot;size&quot;:35,&quot;sizes&quot;:[]},&quot;cards_row_gap_tablet&quot;:{&quot;unit&quot;:&quot;px&quot;,&quot;size&quot;:&quot;&quot;,&quot;sizes&quot;:[]},&quot;cards_row_gap_mobile&quot;:{&quot;unit&quot;:&quot;px&quot;,&quot;size&quot;:&quot;&quot;,&quot;sizes&quot;:[]}}\" data-widget_type=\"posts.cards\">\n\t\t\t\t<div class=\"elementor-widget-container\">\n\t\t\t\t\t\t\t<div class=\"elementor-posts-container elementor-posts elementor-posts--skin-cards elementor-grid\" role=\"list\">\n\t\t\t\t<article class=\"elementor-post elementor-grid-item post-8402 post type-post status-publish format-standard has-post-thumbnail hentry category-reise\" role=\"listitem\">\n\t\t\t<div class=\"elementor-post__card\">\n\t\t\t\t<a class=\"elementor-post__thumbnail__link\" href=\"https:\/\/discoversoller.com\/de\/der-koenigspalast-almudaina\/\" tabindex=\"-1\" ><div class=\"elementor-post__thumbnail\"><img fetchpriority=\"high\" decoding=\"async\" width=\"800\" height=\"545\" src=\"https:\/\/discoversoller.com\/wp-content\/uploads\/2025\/02\/FOTOGRAFIA-4-1.jpg\" class=\"attachment-large size-large wp-image-8366\" alt=\"Majestic fa\u00e7ade of La Almudaina, the historic royal palace in Palma\" srcset=\"https:\/\/discoversoller.com\/wp-content\/uploads\/2025\/02\/FOTOGRAFIA-4-1.jpg 800w, https:\/\/discoversoller.com\/wp-content\/uploads\/2025\/02\/FOTOGRAFIA-4-1-300x204.jpg 300w, https:\/\/discoversoller.com\/wp-content\/uploads\/2025\/02\/FOTOGRAFIA-4-1-768x523.jpg 768w, https:\/\/discoversoller.com\/wp-content\/uploads\/2025\/02\/FOTOGRAFIA-4-1-600x409.jpg 600w, https:\/\/discoversoller.com\/wp-content\/uploads\/2025\/02\/FOTOGRAFIA-4-1-143x96.jpg 143w\" sizes=\"(max-width: 800px) 100vw, 800px\" \/><\/div><\/a>\n\t\t\t\t<div class=\"elementor-post__text\">\n\t\t\t\t<h3 class=\"elementor-post__title\">\n\t\t\t<a href=\"https:\/\/discoversoller.com\/de\/der-koenigspalast-almudaina\/\" >\n\t\t\t\tDer K\u00f6nigspalast Almudaina\t\t\t<\/a>\n\t\t<\/h3>\n\t\t\n\t\t<a class=\"elementor-post__read-more\" href=\"https:\/\/discoversoller.com\/de\/der-koenigspalast-almudaina\/\" aria-label=\"Mehr \u00fcber Der K\u00f6nigspalast Almudaina\" tabindex=\"-1\" >\n\t\t\tMehr lesen \u00bb\t\t<\/a>\n\n\t\t\t\t<\/div>\n\t\t\t\t\t<\/div>\n\t\t<\/article>\n\t\t\t\t<article class=\"elementor-post elementor-grid-item post-8241 post type-post status-publish format-standard has-post-thumbnail hentry category-reise\" role=\"listitem\">\n\t\t\t<div class=\"elementor-post__card\">\n\t\t\t\t<a class=\"elementor-post__thumbnail__link\" href=\"https:\/\/discoversoller.com\/de\/mercat-de-lolivar\/\" tabindex=\"-1\" ><div class=\"elementor-post__thumbnail\"><img decoding=\"async\" width=\"900\" height=\"675\" src=\"https:\/\/discoversoller.com\/wp-content\/uploads\/2025\/02\/Mercat-Olivar-Palma-1.jpg\" class=\"attachment-large size-large wp-image-8196\" alt=\"Building of Mercat de l&#039;Olivar in Palma de Mallorca, showcasing its Mediterranean architecture and vibrant market atmosphere.\" srcset=\"https:\/\/discoversoller.com\/wp-content\/uploads\/2025\/02\/Mercat-Olivar-Palma-1.jpg 900w, https:\/\/discoversoller.com\/wp-content\/uploads\/2025\/02\/Mercat-Olivar-Palma-1-300x225.jpg 300w, https:\/\/discoversoller.com\/wp-content\/uploads\/2025\/02\/Mercat-Olivar-Palma-1-768x576.jpg 768w, https:\/\/discoversoller.com\/wp-content\/uploads\/2025\/02\/Mercat-Olivar-Palma-1-600x450.jpg 600w, https:\/\/discoversoller.com\/wp-content\/uploads\/2025\/02\/Mercat-Olivar-Palma-1-800x600.jpg 800w, https:\/\/discoversoller.com\/wp-content\/uploads\/2025\/02\/Mercat-Olivar-Palma-1-141x106.jpg 141w, https:\/\/discoversoller.com\/wp-content\/uploads\/2025\/02\/Mercat-Olivar-Palma-1-380x285.jpg 380w, https:\/\/discoversoller.com\/wp-content\/uploads\/2025\/02\/Mercat-Olivar-Palma-1-247x186.jpg 247w\" sizes=\"(max-width: 900px) 100vw, 900px\" \/><\/div><\/a>\n\t\t\t\t<div class=\"elementor-post__text\">\n\t\t\t\t<h3 class=\"elementor-post__title\">\n\t\t\t<a href=\"https:\/\/discoversoller.com\/de\/mercat-de-lolivar\/\" >\n\t\t\t\tMercat de l&#8217;Olivar\t\t\t<\/a>\n\t\t<\/h3>\n\t\t\n\t\t<a class=\"elementor-post__read-more\" href=\"https:\/\/discoversoller.com\/de\/mercat-de-lolivar\/\" aria-label=\"Mehr \u00fcber Mercat de l&#8217;Olivar\" tabindex=\"-1\" >\n\t\t\tMehr lesen \u00bb\t\t<\/a>\n\n\t\t\t\t<\/div>\n\t\t\t\t\t<\/div>\n\t\t<\/article>\n\t\t\t\t<\/div>\n\t\t\n\t\t\t\t\t\t<\/div>\n\t\t\t\t<\/div>\n\t\t\t\t\t<\/div>\n\t\t\t\t<\/div>\n\t\t\t\t<\/div>\n\t\t","protected":false},"excerpt":{"rendered":"<p>La Seu de Palma de Mallorca Entdecken Sie die majest\u00e4tische gotische Kathedrale von Palma de Mallorca Ein imposanter Steinhaufen \u00fcberragt die Bucht von Palma, nur wenige Meter vom Meer entfernt, das mit dem intensiven Blau des Mittelmeers kontrastiert: Fels gegen Wasser, Festigkeit gegen Instabilit\u00e4t, Glaube gegen Unsicherheit. Die Kathedrale der Heiligen Maria in Palma (im Volksmund La Seu\u201c genannt) ist seit fast acht Jahrhunderten das Wahrzeichen der Stadt, seit K\u00f6nig Jaume I. von Aragonien anordnete, die Moschee Madina Mayurqa abzurei\u00dfen und an ihrer Stelle einen gro\u00dfen, der Heiligen Maria geweihten Tempel zu errichten. Dies war eine seiner ersten Entscheidungen nach der Eroberung Mallorcas f\u00fcr die christlichen K\u00f6nigreiche. Damit erf\u00fcllte er sein Gel\u00fcbde gegen\u00fcber der Jungfrau, die ihn vor dem starken Sturm gerettet hatte, der die Schiffe der Krone von Aragonien auf dem Weg zur Insel \u00fcberrollte. Das Ergebnis war diese wundersch\u00f6ne gotische Kathedrale im mediterranen Stil, die \u00fcber drei Jahrhunderte hinweg erbaut wurde, wenn auch mit sp\u00e4teren \u00c4nderungen und Erweiterungen. Das Bauwerk hat mehrere Rekorde aufgestellt und steckt voller \u00dcberraschungen, die wir Ihnen nun vorstellen werden. Historischer Hintergrund Nach der Eroberung Mallorcas im Jahr 1229 plante K\u00f6nig Jaume I. eine gro\u00dfe Kathedrale, die die Hauptmoschee der Insel ersetzen sollte. Mehrere Jahre lang diente das bestehende Bauwerk jedoch weiterhin als Ort f\u00fcr christliche Gottesdienste. Erst um 1300, unter der Herrschaft seines Sohnes Jakob II., begannen die Bauarbeiten f\u00fcr eine v\u00f6llig neue gotische Kathedrale. Der erste Teil, der fertiggestellt wurde, war die K\u00f6nigliche Kapelle, in der heute die ehemaligen Monarchen der Insel ruhen. Die Bauarbeiten an der Kathedrale dauerten \u00fcber 300 Jahre, und 1601 wurde sie schlie\u00dflich eingeweiht. Eines der charakteristischen Merkmale von La Seu ist sein architektonischer Grundriss, der eher einem basilikalen Grundriss folgt als dem traditionellen lateinischen Kreuz, wie es in vielen gotischen Kathedralen zu finden ist. Der weitl\u00e4ufige Innenraum wird von hoch aufragenden, schlanken S\u00e4ulen getragen, und das Mittelschiff erreicht eine erstaunliche H\u00f6he von 44 Metern und z\u00e4hlt damit zu den h\u00f6chsten in Europa. Die Kathedrale ist auch f\u00fcr ihre leuchtende Atmosph\u00e4re bekannt, denn das Licht str\u00f6mt durch ihre 87 Buntglasfenster und sieben atemberaubenden Rosettenfenster, was ihr den Titel \u201eKathedrale des Lichts\u201c einbrachte. Das reich verzierte Innere ist \u00fcberwiegend barock, mit 16 Kapellen, in denen erlesene Altarbilder zu sehen sind. Eines der ber\u00fchmtesten ist das Corpus-Christi-Altarbild von Jaume Blanquer, eine beeindruckende Darstellung des letzten Abendmahls. Im Gegensatz zu den meisten Kathedralen liegt der Haupteingang von La Seu, das Mirador Portal, nicht zur Stadt hin, sondern zum Mittelmeer hin, was einen dramatischen visuellen Kontrast schafft. Dieser Eingang wird von einem beeindruckenden Spitzbogen eingerahmt und weist ein wundersch\u00f6nes Relief des letzten Abendmahls auf. Auf der gegen\u00fcberliegenden Seite ist das Almoina-Portal mit einer fein gearbeiteten Engelsfigur geschm\u00fcckt, die von dem gotischen Baumeister Guillem Sagrera geschaffen wurde. Das Hauptportal, das 1601 im Stil der Renaissance fertiggestellt wurde, ist der Jungfrau Maria gewidmet und zeigt eine kunstvolle Darstellung der Unbefleckten Empf\u00e4ngnis, umgeben von symbolischen Motiven. Architektonische H\u00f6hepunkte Das atemberaubendste und symboltr\u00e4chtigste Merkmal von La Seu ist zweifellos seine pr\u00e4chtige Fensterrose, die oft als \u201egotisches Auge\u201c bezeichnet wird. Mit einem beeindruckenden Durchmesser von 13,8 Metern gilt es als die gr\u00f6\u00dfte gotische Fensterrose der Welt. Dieses Meisterwerk wurde im 16. Jahrhundert \u00fcber dem Hochaltar und nicht an der Hauptfassade angebracht &#8211; eine ungew\u00f6hnliche Platzierung. Das aus 1 236 kunstvoll angeordneten Buntglasscheiben bestehende Fenster bildet einen perfekten Davidstern und taucht das Hauptschiff der Kathedrale in ein Kaleidoskop aus farbigem Licht. Im Laufe der Jahrhunderte wurde das Glas mehrfach ausgetauscht, vor allem nach Besch\u00e4digungen w\u00e4hrend des Spanischen B\u00fcrgerkriegs. Einzigartig ist auch die zweite, kleinere Fensterrose an der Westfassade der Kathedrale, die zusammen mit dem Hauptfenster ein seltenes und atemberaubendes Lichtph\u00e4nomen erzeugt. Zweimal im Jahr &#8211; am 2. Februar (Mari\u00e4 Lichtmess) und am 11. November (Martinstag) &#8211; richtet sich die Morgensonne perfekt auf die Struktur der Kathedrale aus und projiziert das farbige Licht der gro\u00dfen Fensterrose direkt unter die kleinere, so dass ein eindrucksvolles Achtermuster entsteht. Dieses Spektakel ist als Festival des Lichts bekannt und zieht viele Besucher an, die dieses magische Zusammenspiel von Licht und Architektur erleben wollen. Im Laufe ihrer Geschichte hat die Kathedrale La Seu mehrere Renovierungen erfahren, aber keine war so umw\u00e4lzend wie die des ber\u00fchmten katalanischen Architekten Antoni Gaud\u00ed. Zwischen 1904 und 1914 gestaltete Gaud\u00ed auf Wunsch des Bischofs Pere Joan Campins das Innere der Kathedrale neu, indem er den Chor aus dem Mittelschiff in den Altarraum verlegte, neun neue Buntglasfenster entwarf und die zugemauerten Fenster wieder \u00f6ffnete, um die nat\u00fcrliche Beleuchtung zu verbessern. Er f\u00fchrte auch neue Einrichtungsgegenst\u00e4nde ein und schuf einen kunstvollen Baldachin \u00fcber dem Hauptaltar &#8211; eine beeindruckende siebeneckige Struktur, die mit einem geschnitzten Kruzifix, der Jungfrau Maria und dem Heiligen Johannes geschm\u00fcckt ist. Die endg\u00fcltige Version dieses Werks wurde jedoch nie fertiggestellt, da Gaud\u00ed das Projekt nach einem Streit mit dem Bauunternehmer aufgab. 2007 enth\u00fcllte der renommierte mallorquinische K\u00fcnstler Miquel Barcel\u00f3 sein ehrgeiziges Werk in der Kapelle des Allerheiligsten Sakraments. Sein gro\u00dfformatiges polychromes Keramik-Wandbild, das vom biblischen Wunder der Brote und Fische inspiriert ist, verleiht der Kathedrale eine zeitgen\u00f6ssische und zugleich tief spirituelle Dimension. Heute ist dieses Meisterwerk eine der fesselndsten modernen Erg\u00e4nzungen von La Seu, die Jahrhunderte k\u00fcnstlerischer Entwicklung in einem au\u00dfergew\u00f6hnlichen Raum vereint. Informationen f\u00fcr Besucher La Seu ist die ganze Woche \u00fcber f\u00fcr Besucher ge\u00f6ffnet, wobei die \u00d6ffnungszeiten je nach Jahreszeit variieren: November bis April: Montag bis Freitag, 10:00 Uhr bis 15:15 Uhr. Mai bis Oktober: Montag bis Freitag, 10:00 Uhr bis 17:15 Uhr. Samstags (ganzj\u00e4hrig): 10.00 Uhr bis 14.15 Uhr. Sonntags geschlossen. Bitte beachten Sie, dass die Kathedrale an bestimmten Feiertagen geschlossen ist, darunter Allerheiligen (1. November), 25. Dezember und 31. Dezember. Eintrittspreise Erwachsene: 10 \u20ac. Senioren (65+): 8 \u20ac Gef\u00fchrte Tour: 30 \u20ac pro Person Zugang zur Terrasse: 25 Anwohner: 8 Kinder bis zu 9 Jahren: Freier Eintritt Einwohner und Einheimische der Di\u00f6zese Mallorca k\u00f6nnen die Kathedrale jeden Freitag kostenlos besuchen, wenn sie sich an der Kasse der Kathedrale eine Eintrittskarte besorgen und einen Nachweis \u00fcber ihren Wohnsitz oder ihre Herkunft vorlegen. Kauf der Eintrittskarte Die Eintrittskarten k\u00f6nnen direkt an der Kasse der Kathedrale<\/p>\n","protected":false},"author":1,"featured_media":4655,"comment_status":"closed","ping_status":"closed","sticky":false,"template":"elementor_header_footer","format":"standard","meta":{"_monsterinsights_skip_tracking":false,"_monsterinsights_sitenote_active":false,"_monsterinsights_sitenote_note":"","_monsterinsights_sitenote_category":0,"footnotes":""},"categories":[222],"tags":[],"class_list":["post-8104","post","type-post","status-publish","format-standard","has-post-thumbnail","hentry","category-erlebnisse"],"aioseo_notices":[],"_links":{"self":[{"href":"https:\/\/discoversoller.com\/de\/wp-json\/wp\/v2\/posts\/8104","targetHints":{"allow":["GET"]}}],"collection":[{"href":"https:\/\/discoversoller.com\/de\/wp-json\/wp\/v2\/posts"}],"about":[{"href":"https:\/\/discoversoller.com\/de\/wp-json\/wp\/v2\/types\/post"}],"author":[{"embeddable":true,"href":"https:\/\/discoversoller.com\/de\/wp-json\/wp\/v2\/users\/1"}],"replies":[{"embeddable":true,"href":"https:\/\/discoversoller.com\/de\/wp-json\/wp\/v2\/comments?post=8104"}],"version-history":[{"count":4,"href":"https:\/\/discoversoller.com\/de\/wp-json\/wp\/v2\/posts\/8104\/revisions"}],"predecessor-version":[{"id":16876,"href":"https:\/\/discoversoller.com\/de\/wp-json\/wp\/v2\/posts\/8104\/revisions\/16876"}],"wp:featuredmedia":[{"embeddable":true,"href":"https:\/\/discoversoller.com\/de\/wp-json\/wp\/v2\/media\/4655"}],"wp:attachment":[{"href":"https:\/\/discoversoller.com\/de\/wp-json\/wp\/v2\/media?parent=8104"}],"wp:term":[{"taxonomy":"category","embeddable":true,"href":"https:\/\/discoversoller.com\/de\/wp-json\/wp\/v2\/categories?post=8104"},{"taxonomy":"post_tag","embeddable":true,"href":"https:\/\/discoversoller.com\/de\/wp-json\/wp\/v2\/tags?post=8104"}],"curies":[{"name":"wp","href":"https:\/\/api.w.org\/{rel}","templated":true}]}}