{"id":10888,"date":"2025-03-31T18:33:31","date_gmt":"2025-03-31T16:33:31","guid":{"rendered":"https:\/\/discoversoller.com\/?page_id=10888"},"modified":"2025-09-06T08:19:36","modified_gmt":"2025-09-06T06:19:36","slug":"die-besten-straende-in-palma-de-mallorca","status":"publish","type":"post","link":"https:\/\/discoversoller.com\/de\/die-besten-straende-in-palma-de-mallorca\/","title":{"rendered":"Die besten Str\u00e4nde in Palma de Mallorca"},"content":{"rendered":"\t\t<div data-elementor-type=\"wp-page\" data-elementor-id=\"10888\" class=\"elementor elementor-10888 elementor-10826\" data-elementor-post-type=\"post\">\n\t\t\t\t<div class=\"elementor-element elementor-element-e3ce30c e-con-full e-flex wpr-particle-no wpr-jarallax-no wpr-parallax-no wpr-sticky-section-no wpr-equal-height-no e-con e-parent\" data-id=\"e3ce30c\" data-element_type=\"container\" data-e-type=\"container\">\n\t\t<div class=\"elementor-element elementor-element-c2ebe8e e-con-full e-flex wpr-particle-no wpr-jarallax-no wpr-parallax-no wpr-sticky-section-no wpr-equal-height-no e-con e-child\" data-id=\"c2ebe8e\" data-element_type=\"container\" data-e-type=\"container\" data-settings=\"{&quot;background_background&quot;:&quot;classic&quot;}\">\n\t\t\t\t<\/div>\n\t\t\t\t<\/div>\n\t\t<div class=\"elementor-element elementor-element-a2afbcd e-flex e-con-boxed wpr-particle-no wpr-jarallax-no wpr-parallax-no wpr-sticky-section-no wpr-equal-height-no e-con e-parent\" data-id=\"a2afbcd\" data-element_type=\"container\" data-e-type=\"container\">\n\t\t\t\t\t<div class=\"e-con-inner\">\n\t\t\t\t<div class=\"elementor-element elementor-element-f7bb80f elementor-widget elementor-widget-heading\" data-id=\"f7bb80f\" data-element_type=\"widget\" data-e-type=\"widget\" data-widget_type=\"heading.default\">\n\t\t\t\t<div class=\"elementor-widget-container\">\n\t\t\t\t\t<h2 class=\"elementor-heading-title elementor-size-default\">Die besten Str\u00e4nde in Palma de Mallorca<\/h2>\t\t\t\t<\/div>\n\t\t\t\t<\/div>\n\t\t\t\t\t<\/div>\n\t\t\t\t<\/div>\n\t\t<div class=\"elementor-element elementor-element-84d2c6b e-flex e-con-boxed wpr-particle-no wpr-jarallax-no wpr-parallax-no wpr-sticky-section-no wpr-equal-height-no e-con e-parent\" data-id=\"84d2c6b\" data-element_type=\"container\" data-e-type=\"container\">\n\t\t\t\t\t<div class=\"e-con-inner\">\n\t\t\t\t<div class=\"elementor-element elementor-element-11b39b8 elementor-widget elementor-widget-heading\" data-id=\"11b39b8\" data-element_type=\"widget\" data-e-type=\"widget\" data-widget_type=\"heading.default\">\n\t\t\t\t<div class=\"elementor-widget-container\">\n\t\t\t\t\t<h2 class=\"elementor-heading-title elementor-size-default\"> Wo man sich sonnt und schwimmt<\/h2>\t\t\t\t<\/div>\n\t\t\t\t<\/div>\n\t\t\t\t<div class=\"elementor-element elementor-element-fdb7a88 elementor-widget elementor-widget-text-editor\" data-id=\"fdb7a88\" data-element_type=\"widget\" data-e-type=\"widget\" data-widget_type=\"text-editor.default\">\n\t\t\t\t<div class=\"elementor-widget-container\">\n\t\t\t\t\t\t\t\t\t<p>Palma de Mallorca, die pulsierende Hauptstadt der Balearen, ist vor allem f\u00fcr ihre historische Altstadt, die lebhafte Atmosph\u00e4re und die atemberaubende Mittelmeerk\u00fcste bekannt.<\/p><p>Die Stadt selbst ist zwar nicht daf\u00fcr bekannt, dass sie die abgelegensten Str\u00e4nde hat, aber sie bietet mehrere ausgezeichnete M\u00f6glichkeiten f\u00fcr diejenigen, die die Sonne genie\u00dfen m\u00f6chten, ohne zu weit zu gehen.<\/p><p>Ob Sie nun einen belebten Strand mit Bars und Restaurants oder ein ruhigeres Pl\u00e4tzchen mit klarem Wasser bevorzugen, Palma hat f\u00fcr jeden etwas zu bieten.<\/p>\t\t\t\t\t\t\t\t<\/div>\n\t\t\t\t<\/div>\n\t\t\t\t\t<\/div>\n\t\t\t\t<\/div>\n\t\t<div class=\"elementor-element elementor-element-ed87ef1 e-flex e-con-boxed wpr-particle-no wpr-jarallax-no wpr-parallax-no wpr-sticky-section-no wpr-equal-height-no e-con e-parent\" data-id=\"ed87ef1\" data-element_type=\"container\" data-e-type=\"container\">\n\t\t\t\t\t<div class=\"e-con-inner\">\n\t\t\t\t<div class=\"elementor-element elementor-element-3279902 elementor-cta--skin-classic elementor-animated-content elementor-bg-transform elementor-bg-transform-zoom-in elementor-widget elementor-widget-call-to-action\" data-id=\"3279902\" data-element_type=\"widget\" data-e-type=\"widget\" data-widget_type=\"call-to-action.default\">\n\t\t\t\t<div class=\"elementor-widget-container\">\n\t\t\t\t\t\t\t<div class=\"elementor-cta\">\n\t\t\t\t\t<div class=\"elementor-cta__bg-wrapper\">\n\t\t\t\t<div class=\"elementor-cta__bg elementor-bg\" style=\"background-image: url(https:\/\/discoversoller.com\/wp-content\/uploads\/2024\/11\/Alcazar-Room-View.jpg);\" role=\"img\" aria-label=\"Bright and cozy double room at the Alc\u00e1zar Hotel S\u00f3ller.\"><\/div>\n\t\t\t\t<div class=\"elementor-cta__bg-overlay\"><\/div>\n\t\t\t<\/div>\n\t\t\t\t\t\t\t<div class=\"elementor-cta__content\">\n\t\t\t\t\n\t\t\t\t\n\t\t\t\t\t\t\t\t\t<div class=\"elementor-cta__description elementor-cta__content-item elementor-content-item\">\n\t\t\t\t\t\tVERWENDEN SIE UNSERE CODES UND ERHALTEN SIE EINEN HOTELRABATT AUF MALLORCA\t\t\t\t\t<\/div>\n\t\t\t\t\n\t\t\t\t\t\t\t\t\t<div class=\"elementor-cta__button-wrapper elementor-cta__content-item elementor-content-item \">\n\t\t\t\t\t<a class=\"elementor-cta__button elementor-button elementor-size-\" href=\"https:\/\/discoversoller.com\/de\/angebote\/\">\n\t\t\t\t\t\tHOTELS PR\u00dcFEN\t\t\t\t\t<\/a>\n\t\t\t\t\t<\/div>\n\t\t\t\t\t\t\t<\/div>\n\t\t\t\t\t\t<\/div>\n\t\t\t\t\t\t<\/div>\n\t\t\t\t<\/div>\n\t\t\t\t\t<\/div>\n\t\t\t\t<\/div>\n\t\t<div class=\"elementor-element elementor-element-7c61f5a e-flex e-con-boxed wpr-particle-no wpr-jarallax-no wpr-parallax-no wpr-sticky-section-no wpr-equal-height-no e-con e-parent\" data-id=\"7c61f5a\" data-element_type=\"container\" data-e-type=\"container\">\n\t\t\t\t\t<div class=\"e-con-inner\">\n\t\t<div class=\"elementor-element elementor-element-ed2266c e-con-full e-flex wpr-particle-no wpr-jarallax-no wpr-parallax-no wpr-sticky-section-no wpr-equal-height-no e-con e-child\" data-id=\"ed2266c\" data-element_type=\"container\" data-e-type=\"container\">\n\t\t\t\t<div class=\"elementor-element elementor-element-505c101 elementor-widget elementor-widget-text-editor\" data-id=\"505c101\" data-element_type=\"widget\" data-e-type=\"widget\" data-widget_type=\"text-editor.default\">\n\t\t\t\t<div class=\"elementor-widget-container\">\n\t\t\t\t\t\t\t\t\t<p>Nur 15 Gehminuten vom Stadtzentrum entfernt, ist <strong data-start=\"637\" data-end=\"656\">Can Pere Anton<\/strong>i Palmas zug\u00e4nglichster Strand. Dieser 750 Meter lange, goldene Sandstrand bietet einen g<a href=\"https:\/\/discoversoller.com\/de\/la-catedral-de-palma-la-seu-de-santa-maria\/\" target=\"_blank\" rel=\"noopener\"><strong>ro\u00dfartigen Blick auf La Seu, Palmas ber\u00fchmte Kathedrale<\/strong><\/a>. <\/p><p>Auch wenn der Strand sehr belebt sein kann, ist er doch ein idealer Ort f\u00fcr ein kurzes Bad, vor allem, wenn man in der Stadt wohnt. Es gibt einen ausgewiesenen Schwimmbereich, und der nahe gelegene<strong data-start=\"954\" data-end=\"974\"> Anima Beach Club<\/strong> und verschiedene Restaurants am Strand sorgen f\u00fcr eine entspannte Atmosph\u00e4re. <\/p>\t\t\t\t\t\t\t\t<\/div>\n\t\t\t\t<\/div>\n\t\t\t\t<div class=\"elementor-element elementor-element-ae2fb55 elementor-icon-list--layout-traditional elementor-list-item-link-full_width elementor-widget elementor-widget-icon-list\" data-id=\"ae2fb55\" data-element_type=\"widget\" data-e-type=\"widget\" data-widget_type=\"icon-list.default\">\n\t\t\t\t<div class=\"elementor-widget-container\">\n\t\t\t\t\t\t\t<ul class=\"elementor-icon-list-items\">\n\t\t\t\t\t\t\t<li class=\"elementor-icon-list-item\">\n\t\t\t\t\t\t\t\t\t\t\t<span class=\"elementor-icon-list-icon\">\n\t\t\t\t\t\t\t<i aria-hidden=\"true\" class=\"fas fa-parking\"><\/i>\t\t\t\t\t\t<\/span>\n\t\t\t\t\t\t\t\t\t\t<span class=\"elementor-icon-list-text\">PARKEN: AUF DER STRASSE<\/span>\n\t\t\t\t\t\t\t\t\t<\/li>\n\t\t\t\t\t\t\t\t<li class=\"elementor-icon-list-item\">\n\t\t\t\t\t\t\t\t\t\t\t<span class=\"elementor-icon-list-icon\">\n\t\t\t\t\t\t\t<i aria-hidden=\"true\" class=\"fas fa-coffee\"><\/i>\t\t\t\t\t\t<\/span>\n\t\t\t\t\t\t\t\t\t\t<span class=\"elementor-icon-list-text\">RESTAURANTS: JA<\/span>\n\t\t\t\t\t\t\t\t\t<\/li>\n\t\t\t\t\t\t\t\t<li class=\"elementor-icon-list-item\">\n\t\t\t\t\t\t\t\t\t\t\t<span class=\"elementor-icon-list-icon\">\n\t\t\t\t\t\t\t<i aria-hidden=\"true\" class=\"fas fa-location-arrow\"><\/i>\t\t\t\t\t\t<\/span>\n\t\t\t\t\t\t\t\t\t\t<span class=\"elementor-icon-list-text\">ZUGANG: EINFACH<\/span>\n\t\t\t\t\t\t\t\t\t<\/li>\n\t\t\t\t\t\t\t\t<li class=\"elementor-icon-list-item\">\n\t\t\t\t\t\t\t\t\t\t\t<span class=\"elementor-icon-list-icon\">\n\t\t\t\t\t\t\t<i aria-hidden=\"true\" class=\"fas fa-people-arrows\"><\/i>\t\t\t\t\t\t<\/span>\n\t\t\t\t\t\t\t\t\t\t<span class=\"elementor-icon-list-text\">\u00dcBERF\u00dcLLT: NO<\/span>\n\t\t\t\t\t\t\t\t\t<\/li>\n\t\t\t\t\t\t<\/ul>\n\t\t\t\t\t\t<\/div>\n\t\t\t\t<\/div>\n\t\t\t\t<\/div>\n\t\t<div class=\"elementor-element elementor-element-2a55797 e-con-full e-flex wpr-particle-no wpr-jarallax-no wpr-parallax-no wpr-sticky-section-no wpr-equal-height-no e-con e-child\" data-id=\"2a55797\" data-element_type=\"container\" data-e-type=\"container\">\n\t\t\t\t<div class=\"elementor-element elementor-element-a02e630 elementor-widget elementor-widget-gallery\" data-id=\"a02e630\" data-element_type=\"widget\" data-e-type=\"widget\" data-settings=\"{&quot;columns&quot;:2,&quot;gap&quot;:{&quot;unit&quot;:&quot;px&quot;,&quot;size&quot;:1,&quot;sizes&quot;:[]},&quot;aspect_ratio&quot;:&quot;1:1&quot;,&quot;lazyload&quot;:&quot;yes&quot;,&quot;gallery_layout&quot;:&quot;grid&quot;,&quot;columns_tablet&quot;:2,&quot;columns_mobile&quot;:1,&quot;gap_tablet&quot;:{&quot;unit&quot;:&quot;px&quot;,&quot;size&quot;:10,&quot;sizes&quot;:[]},&quot;gap_mobile&quot;:{&quot;unit&quot;:&quot;px&quot;,&quot;size&quot;:10,&quot;sizes&quot;:[]},&quot;overlay_background&quot;:&quot;yes&quot;,&quot;content_hover_animation&quot;:&quot;fade-in&quot;}\" data-widget_type=\"gallery.default\">\n\t\t\t\t<div class=\"elementor-widget-container\">\n\t\t\t\t\t\t\t<div class=\"elementor-gallery__container\">\n\t\t\t\t\t\t\t<div class=\"e-gallery-item elementor-gallery-item elementor-animated-content\">\n\t\t\t\t\t<div class=\"e-gallery-image elementor-gallery-item__image\" data-thumbnail=\"https:\/\/discoversoller.com\/wp-content\/uploads\/2025\/03\/Can-Pere-Antoni-1024x576.jpg\" data-width=\"1024\" data-height=\"576\" aria-label=\"Can Pere Antoni beach in Palma, featuring golden sands, clear waters, and a vibrant urban backdrop.\" role=\"img\" ><\/div>\n\t\t\t\t\t\t\t\t\t\t\t<div class=\"elementor-gallery-item__overlay\"><\/div>\n\t\t\t\t\t\t\t\t\t\t\t\t\t\t<\/div>\n\t\t\t\t\t\t\t<div class=\"e-gallery-item elementor-gallery-item elementor-animated-content\">\n\t\t\t\t\t<div class=\"e-gallery-image elementor-gallery-item__image\" data-thumbnail=\"https:\/\/discoversoller.com\/wp-content\/uploads\/2025\/03\/Can-Pere-Antoni-2-1024x576.jpg\" data-width=\"1024\" data-height=\"576\" aria-label=\"Golden sands and clear waters define Can Pere Antoni beach in Palma, framed by a stunning urban skyline.\" role=\"img\" ><\/div>\n\t\t\t\t\t\t\t\t\t\t\t<div class=\"elementor-gallery-item__overlay\"><\/div>\n\t\t\t\t\t\t\t\t\t\t\t\t\t\t<\/div>\n\t\t\t\t\t<\/div>\n\t\t\t\t\t<\/div>\n\t\t\t\t<\/div>\n\t\t\t\t<div class=\"elementor-element elementor-element-c313736 elementor-widget elementor-widget-google_maps\" data-id=\"c313736\" data-element_type=\"widget\" data-e-type=\"widget\" data-widget_type=\"google_maps.default\">\n\t\t\t\t<div class=\"elementor-widget-container\">\n\t\t\t\t\t\t\t<div class=\"elementor-custom-embed\">\n\t\t\t<iframe loading=\"lazy\"\n\t\t\t\t\tsrc=\"https:\/\/maps.google.com\/maps?q=can%20pere%20antoni&#038;t=m&#038;z=13&#038;output=embed&#038;iwloc=near\"\n\t\t\t\t\ttitle=\"can pere antoni\"\n\t\t\t\t\taria-label=\"can pere antoni\"\n\t\t\t><\/iframe>\n\t\t<\/div>\n\t\t\t\t\t\t<\/div>\n\t\t\t\t<\/div>\n\t\t\t\t<\/div>\n\t\t\t\t\t<\/div>\n\t\t\t\t<\/div>\n\t\t<div class=\"elementor-element elementor-element-cb30604 e-flex e-con-boxed wpr-particle-no wpr-jarallax-no wpr-parallax-no wpr-sticky-section-no wpr-equal-height-no e-con e-parent\" data-id=\"cb30604\" data-element_type=\"container\" data-e-type=\"container\">\n\t\t\t\t\t<div class=\"e-con-inner\">\n\t\t<div class=\"elementor-element elementor-element-8d822a3 e-con-full e-flex wpr-particle-no wpr-jarallax-no wpr-parallax-no wpr-sticky-section-no wpr-equal-height-no e-con e-child\" data-id=\"8d822a3\" data-element_type=\"container\" data-e-type=\"container\">\n\t\t\t\t<div class=\"elementor-element elementor-element-1d99e0b elementor-widget elementor-widget-text-editor\" data-id=\"1d99e0b\" data-element_type=\"widget\" data-e-type=\"widget\" data-widget_type=\"text-editor.default\">\n\t\t\t\t<div class=\"elementor-widget-container\">\n\t\t\t\t\t\t\t\t\t<p><strong data-start=\"1133\" data-end=\"1147\">Cala Major<\/strong>, nur 10 Minuten westlich von Palma gelegen, ist ein kleiner, aber sch\u00f6ner Sandstrand mit t\u00fcrkisfarbenem Wasser.<\/p><p>Obwohl er heute verlassen wirkt, war er bei Touristen und Einheimischen gleicherma\u00dfen beliebt, was bedeutet, dass er in der Hochsaison \u00fcberf\u00fcllt sein kann. Trotz seiner Beliebtheit ist er dank des ruhigen Wassers und der N\u00e4he zu Bars und Restaurants eine gute Wahl f\u00fcr einen Tag am Meer. <\/p><p>Cala Major ist auch daf\u00fcr bekannt, dass es in der N\u00e4he der <a href=\"https:\/\/discoversoller.com\/de\/fundacio-pilar-y-joan-miro\/\" target=\"_blank\" rel=\"noopener\"><strong data-start=\"1474\" data-end=\"1504\">Fundaci\u00f3 Pilar i Joan Mir\u00f3<\/strong><\/a> liegt, was es zu einem guten Zwischenstopp vor oder nach einem Strandbesuch macht.<\/p>\t\t\t\t\t\t\t\t<\/div>\n\t\t\t\t<\/div>\n\t\t\t\t<div class=\"elementor-element elementor-element-731da9c elementor-icon-list--layout-traditional elementor-list-item-link-full_width elementor-widget elementor-widget-icon-list\" data-id=\"731da9c\" data-element_type=\"widget\" data-e-type=\"widget\" data-widget_type=\"icon-list.default\">\n\t\t\t\t<div class=\"elementor-widget-container\">\n\t\t\t\t\t\t\t<ul class=\"elementor-icon-list-items\">\n\t\t\t\t\t\t\t<li class=\"elementor-icon-list-item\">\n\t\t\t\t\t\t\t\t\t\t\t<span class=\"elementor-icon-list-icon\">\n\t\t\t\t\t\t\t<i aria-hidden=\"true\" class=\"fas fa-parking\"><\/i>\t\t\t\t\t\t<\/span>\n\t\t\t\t\t\t\t\t\t\t<span class=\"elementor-icon-list-text\">PARKEN: AUF DER STRASSE<\/span>\n\t\t\t\t\t\t\t\t\t<\/li>\n\t\t\t\t\t\t\t\t<li class=\"elementor-icon-list-item\">\n\t\t\t\t\t\t\t\t\t\t\t<span class=\"elementor-icon-list-icon\">\n\t\t\t\t\t\t\t<i aria-hidden=\"true\" class=\"fas fa-coffee\"><\/i>\t\t\t\t\t\t<\/span>\n\t\t\t\t\t\t\t\t\t\t<span class=\"elementor-icon-list-text\">RESTAURANTS: JA<\/span>\n\t\t\t\t\t\t\t\t\t<\/li>\n\t\t\t\t\t\t\t\t<li class=\"elementor-icon-list-item\">\n\t\t\t\t\t\t\t\t\t\t\t<span class=\"elementor-icon-list-icon\">\n\t\t\t\t\t\t\t<i aria-hidden=\"true\" class=\"fas fa-location-arrow\"><\/i>\t\t\t\t\t\t<\/span>\n\t\t\t\t\t\t\t\t\t\t<span class=\"elementor-icon-list-text\">ZUGANG: EINFACH<\/span>\n\t\t\t\t\t\t\t\t\t<\/li>\n\t\t\t\t\t\t\t\t<li class=\"elementor-icon-list-item\">\n\t\t\t\t\t\t\t\t\t\t\t<span class=\"elementor-icon-list-icon\">\n\t\t\t\t\t\t\t<i aria-hidden=\"true\" class=\"fas fa-people-arrows\"><\/i>\t\t\t\t\t\t<\/span>\n\t\t\t\t\t\t\t\t\t\t<span class=\"elementor-icon-list-text\">\u00dcBERF\u00dcLLT: MITTEL<\/span>\n\t\t\t\t\t\t\t\t\t<\/li>\n\t\t\t\t\t\t<\/ul>\n\t\t\t\t\t\t<\/div>\n\t\t\t\t<\/div>\n\t\t\t\t<\/div>\n\t\t<div class=\"elementor-element elementor-element-4aeb624 e-con-full e-flex wpr-particle-no wpr-jarallax-no wpr-parallax-no wpr-sticky-section-no wpr-equal-height-no e-con e-child\" data-id=\"4aeb624\" data-element_type=\"container\" data-e-type=\"container\">\n\t\t\t\t<div class=\"elementor-element elementor-element-da3195c elementor-widget elementor-widget-gallery\" data-id=\"da3195c\" data-element_type=\"widget\" data-e-type=\"widget\" data-settings=\"{&quot;columns&quot;:2,&quot;gap&quot;:{&quot;unit&quot;:&quot;px&quot;,&quot;size&quot;:1,&quot;sizes&quot;:[]},&quot;aspect_ratio&quot;:&quot;1:1&quot;,&quot;lazyload&quot;:&quot;yes&quot;,&quot;gallery_layout&quot;:&quot;grid&quot;,&quot;columns_tablet&quot;:2,&quot;columns_mobile&quot;:1,&quot;gap_tablet&quot;:{&quot;unit&quot;:&quot;px&quot;,&quot;size&quot;:10,&quot;sizes&quot;:[]},&quot;gap_mobile&quot;:{&quot;unit&quot;:&quot;px&quot;,&quot;size&quot;:10,&quot;sizes&quot;:[]},&quot;overlay_background&quot;:&quot;yes&quot;,&quot;content_hover_animation&quot;:&quot;fade-in&quot;}\" data-widget_type=\"gallery.default\">\n\t\t\t\t<div class=\"elementor-widget-container\">\n\t\t\t\t\t\t\t<div class=\"elementor-gallery__container\">\n\t\t\t\t\t\t\t<div class=\"e-gallery-item elementor-gallery-item elementor-animated-content\">\n\t\t\t\t\t<div class=\"e-gallery-image elementor-gallery-item__image\" data-thumbnail=\"https:\/\/discoversoller.com\/wp-content\/uploads\/2025\/03\/Cala-Major-2-1024x576.jpg\" data-width=\"1024\" data-height=\"576\" aria-label=\"Cala Major, showcasing its turquoise waters and inviting beach in Mallorca, ideal for relaxation.\" role=\"img\" ><\/div>\n\t\t\t\t\t\t\t\t\t\t\t<div class=\"elementor-gallery-item__overlay\"><\/div>\n\t\t\t\t\t\t\t\t\t\t\t\t\t\t<\/div>\n\t\t\t\t\t\t\t<div class=\"e-gallery-item elementor-gallery-item elementor-animated-content\">\n\t\t\t\t\t<div class=\"e-gallery-image elementor-gallery-item__image\" data-thumbnail=\"https:\/\/discoversoller.com\/wp-content\/uploads\/2025\/03\/Cala_major.jpg\" data-width=\"570\" data-height=\"342\" aria-label=\"Cala Major in Mallorca, featuring its clear turquoise waters and a relaxing Mediterranean atmosphere\" role=\"img\" ><\/div>\n\t\t\t\t\t\t\t\t\t\t\t<div class=\"elementor-gallery-item__overlay\"><\/div>\n\t\t\t\t\t\t\t\t\t\t\t\t\t\t<\/div>\n\t\t\t\t\t<\/div>\n\t\t\t\t\t<\/div>\n\t\t\t\t<\/div>\n\t\t\t\t<div class=\"elementor-element elementor-element-d5fde68 elementor-widget elementor-widget-google_maps\" data-id=\"d5fde68\" data-element_type=\"widget\" data-e-type=\"widget\" data-widget_type=\"google_maps.default\">\n\t\t\t\t<div class=\"elementor-widget-container\">\n\t\t\t\t\t\t\t<div class=\"elementor-custom-embed\">\n\t\t\t<iframe loading=\"lazy\"\n\t\t\t\t\tsrc=\"https:\/\/maps.google.com\/maps?q=cala%20major&#038;t=m&#038;z=13&#038;output=embed&#038;iwloc=near\"\n\t\t\t\t\ttitle=\"cala major\"\n\t\t\t\t\taria-label=\"cala major\"\n\t\t\t><\/iframe>\n\t\t<\/div>\n\t\t\t\t\t\t<\/div>\n\t\t\t\t<\/div>\n\t\t\t\t<\/div>\n\t\t\t\t\t<\/div>\n\t\t\t\t<\/div>\n\t\t<div class=\"elementor-element elementor-element-b72fdb2 e-flex e-con-boxed wpr-particle-no wpr-jarallax-no wpr-parallax-no wpr-sticky-section-no wpr-equal-height-no e-con e-parent\" data-id=\"b72fdb2\" data-element_type=\"container\" data-e-type=\"container\">\n\t\t\t\t\t<div class=\"e-con-inner\">\n\t\t<div class=\"elementor-element elementor-element-5c593d5 e-con-full e-flex wpr-particle-no wpr-jarallax-no wpr-parallax-no wpr-sticky-section-no wpr-equal-height-no e-con e-child\" data-id=\"5c593d5\" data-element_type=\"container\" data-e-type=\"container\">\n\t\t\t\t<div class=\"elementor-element elementor-element-508102b elementor-widget elementor-widget-text-editor\" data-id=\"508102b\" data-element_type=\"widget\" data-e-type=\"widget\" data-widget_type=\"text-editor.default\">\n\t\t\t\t<div class=\"elementor-widget-container\">\n\t\t\t\t\t\t\t\t\t<p>Mit einer L\u00e4nge von fast 5 Kilometern ist die<strong data-start=\"1645\" data-end=\"1663\"> Playa de Palma<\/strong> einer der gr\u00f6\u00dften und meistbesuchten Str\u00e4nde in der N\u00e4he der Stadt. Er liegt etwa 10 km vom Stadtzentrum entfernt und ist bei Touristen sehr beliebt, insbesondere bei deutschen und britischen Besuchern. An diesem Strand gibt es zahlreiche Beachclubs, Bars und Restaurants, die f\u00fcr eine lebhafte Atmosph\u00e4re sorgen. Wenn Sie auf der Suche nach einem geselligen, partyfreundlichen Strand sind, ist die Playa de Palma der richtige Ort f\u00fcr Sie. Wenn Sie jedoch die Ruhe bevorzugen, sollten Sie den Strand am besten fr\u00fch morgens oder au\u00dferhalb der Sommersaison besuchen.    <\/p>\t\t\t\t\t\t\t\t<\/div>\n\t\t\t\t<\/div>\n\t\t\t\t<div class=\"elementor-element elementor-element-610e5ac elementor-icon-list--layout-traditional elementor-list-item-link-full_width elementor-widget elementor-widget-icon-list\" data-id=\"610e5ac\" data-element_type=\"widget\" data-e-type=\"widget\" data-widget_type=\"icon-list.default\">\n\t\t\t\t<div class=\"elementor-widget-container\">\n\t\t\t\t\t\t\t<ul class=\"elementor-icon-list-items\">\n\t\t\t\t\t\t\t<li class=\"elementor-icon-list-item\">\n\t\t\t\t\t\t\t\t\t\t\t<span class=\"elementor-icon-list-icon\">\n\t\t\t\t\t\t\t<i aria-hidden=\"true\" class=\"fas fa-parking\"><\/i>\t\t\t\t\t\t<\/span>\n\t\t\t\t\t\t\t\t\t\t<span class=\"elementor-icon-list-text\">PARKEN: AUF DER STRASSE<\/span>\n\t\t\t\t\t\t\t\t\t<\/li>\n\t\t\t\t\t\t\t\t<li class=\"elementor-icon-list-item\">\n\t\t\t\t\t\t\t\t\t\t\t<span class=\"elementor-icon-list-icon\">\n\t\t\t\t\t\t\t<i aria-hidden=\"true\" class=\"fas fa-coffee\"><\/i>\t\t\t\t\t\t<\/span>\n\t\t\t\t\t\t\t\t\t\t<span class=\"elementor-icon-list-text\">RESTAURANTS: JA<\/span>\n\t\t\t\t\t\t\t\t\t<\/li>\n\t\t\t\t\t\t\t\t<li class=\"elementor-icon-list-item\">\n\t\t\t\t\t\t\t\t\t\t\t<span class=\"elementor-icon-list-icon\">\n\t\t\t\t\t\t\t<i aria-hidden=\"true\" class=\"fas fa-location-arrow\"><\/i>\t\t\t\t\t\t<\/span>\n\t\t\t\t\t\t\t\t\t\t<span class=\"elementor-icon-list-text\">ZUGANG: EINFACH<\/span>\n\t\t\t\t\t\t\t\t\t<\/li>\n\t\t\t\t\t\t\t\t<li class=\"elementor-icon-list-item\">\n\t\t\t\t\t\t\t\t\t\t\t<span class=\"elementor-icon-list-icon\">\n\t\t\t\t\t\t\t<i aria-hidden=\"true\" class=\"fas fa-people-arrows\"><\/i>\t\t\t\t\t\t<\/span>\n\t\t\t\t\t\t\t\t\t\t<span class=\"elementor-icon-list-text\">\u00dcBERF\u00dcLLT: MITTEL<\/span>\n\t\t\t\t\t\t\t\t\t<\/li>\n\t\t\t\t\t\t<\/ul>\n\t\t\t\t\t\t<\/div>\n\t\t\t\t<\/div>\n\t\t\t\t<\/div>\n\t\t<div class=\"elementor-element elementor-element-04466a6 e-con-full e-flex wpr-particle-no wpr-jarallax-no wpr-parallax-no wpr-sticky-section-no wpr-equal-height-no e-con e-child\" data-id=\"04466a6\" data-element_type=\"container\" data-e-type=\"container\">\n\t\t\t\t<div class=\"elementor-element elementor-element-89b9c1d elementor-widget elementor-widget-gallery\" data-id=\"89b9c1d\" data-element_type=\"widget\" data-e-type=\"widget\" data-settings=\"{&quot;columns&quot;:2,&quot;gap&quot;:{&quot;unit&quot;:&quot;px&quot;,&quot;size&quot;:1,&quot;sizes&quot;:[]},&quot;aspect_ratio&quot;:&quot;1:1&quot;,&quot;lazyload&quot;:&quot;yes&quot;,&quot;gallery_layout&quot;:&quot;grid&quot;,&quot;columns_tablet&quot;:2,&quot;columns_mobile&quot;:1,&quot;gap_tablet&quot;:{&quot;unit&quot;:&quot;px&quot;,&quot;size&quot;:10,&quot;sizes&quot;:[]},&quot;gap_mobile&quot;:{&quot;unit&quot;:&quot;px&quot;,&quot;size&quot;:10,&quot;sizes&quot;:[]},&quot;overlay_background&quot;:&quot;yes&quot;,&quot;content_hover_animation&quot;:&quot;fade-in&quot;}\" data-widget_type=\"gallery.default\">\n\t\t\t\t<div class=\"elementor-widget-container\">\n\t\t\t\t\t\t\t<div class=\"elementor-gallery__container\">\n\t\t\t\t\t\t\t<div class=\"e-gallery-item elementor-gallery-item elementor-animated-content\">\n\t\t\t\t\t<div class=\"e-gallery-image elementor-gallery-item__image\" data-thumbnail=\"https:\/\/discoversoller.com\/wp-content\/uploads\/2025\/03\/PLaya-de-palma.jpg\" data-width=\"1000\" data-height=\"750\" aria-label=\"The train at Playa de Palma, surrounded by coastal scenery and vibrant Mediterranean charm.\" role=\"img\" ><\/div>\n\t\t\t\t\t\t\t\t\t\t\t<div class=\"elementor-gallery-item__overlay\"><\/div>\n\t\t\t\t\t\t\t\t\t\t\t\t\t\t<\/div>\n\t\t\t\t\t\t\t<div class=\"e-gallery-item elementor-gallery-item elementor-animated-content\">\n\t\t\t\t\t<div class=\"e-gallery-image elementor-gallery-item__image\" data-thumbnail=\"https:\/\/discoversoller.com\/wp-content\/uploads\/2025\/03\/Playa-Palma.jpg\" data-width=\"1000\" data-height=\"563\" aria-label=\"A view of Playa de Palma, showcasing its expansive sandy beach and crystal-clear Mediterranean waters\" role=\"img\" ><\/div>\n\t\t\t\t\t\t\t\t\t\t\t<div class=\"elementor-gallery-item__overlay\"><\/div>\n\t\t\t\t\t\t\t\t\t\t\t\t\t\t<\/div>\n\t\t\t\t\t<\/div>\n\t\t\t\t\t<\/div>\n\t\t\t\t<\/div>\n\t\t\t\t<div class=\"elementor-element elementor-element-5482e7b elementor-widget elementor-widget-google_maps\" data-id=\"5482e7b\" data-element_type=\"widget\" data-e-type=\"widget\" data-widget_type=\"google_maps.default\">\n\t\t\t\t<div class=\"elementor-widget-container\">\n\t\t\t\t\t\t\t<div class=\"elementor-custom-embed\">\n\t\t\t<iframe loading=\"lazy\"\n\t\t\t\t\tsrc=\"https:\/\/maps.google.com\/maps?q=PLAYA%20DE%20PALMA&#038;t=m&#038;z=13&#038;output=embed&#038;iwloc=near\"\n\t\t\t\t\ttitle=\"PLAYA DE PALMA\"\n\t\t\t\t\taria-label=\"PLAYA DE PALMA\"\n\t\t\t><\/iframe>\n\t\t<\/div>\n\t\t\t\t\t\t<\/div>\n\t\t\t\t<\/div>\n\t\t\t\t<\/div>\n\t\t\t\t\t<\/div>\n\t\t\t\t<\/div>\n\t\t<div class=\"elementor-element elementor-element-afb6d91 e-flex e-con-boxed wpr-particle-no wpr-jarallax-no wpr-parallax-no wpr-sticky-section-no wpr-equal-height-no e-con e-parent\" data-id=\"afb6d91\" data-element_type=\"container\" data-e-type=\"container\">\n\t\t\t\t\t<div class=\"e-con-inner\">\n\t\t<div class=\"elementor-element elementor-element-b2bc966 e-con-full e-flex wpr-particle-no wpr-jarallax-no wpr-parallax-no wpr-sticky-section-no wpr-equal-height-no e-con e-child\" data-id=\"b2bc966\" data-element_type=\"container\" data-e-type=\"container\">\n\t\t\t\t<div class=\"elementor-element elementor-element-14d6561 elementor-widget elementor-widget-text-editor\" data-id=\"14d6561\" data-element_type=\"widget\" data-e-type=\"widget\" data-widget_type=\"text-editor.default\">\n\t\t\t\t<div class=\"elementor-widget-container\">\n\t\t\t\t\t\t\t\t\t<p>Obwohl <strong data-start=\"2622\" data-end=\"2633\">Illetes <\/strong>technisch gesehen au\u00dferhalb Palmas liegt, ist es nur 15 Autominuten vom Stadtzentrum entfernt und ist einen Besuch wert. Diese kleine Bucht hat einige der klarsten Gew\u00e4sser in der N\u00e4he von Palma, und die umliegenden Klippen verleihen ihr einen besonderen Charme. <\/p><p>W\u00e4hrend der Strand frei zug\u00e4nglich ist, entscheiden sich viele Besucher f\u00fcr ein exklusiveres Erlebnis im <strong data-start=\"2935\" data-end=\"2956\">Balneario Illetas<\/strong>, einem schicken Strandclub mit Sonnenliegen, Cocktails und Gourmet-Essen.<\/p>\t\t\t\t\t\t\t\t<\/div>\n\t\t\t\t<\/div>\n\t\t\t\t<div class=\"elementor-element elementor-element-9821499 elementor-icon-list--layout-traditional elementor-list-item-link-full_width elementor-widget elementor-widget-icon-list\" data-id=\"9821499\" data-element_type=\"widget\" data-e-type=\"widget\" data-widget_type=\"icon-list.default\">\n\t\t\t\t<div class=\"elementor-widget-container\">\n\t\t\t\t\t\t\t<ul class=\"elementor-icon-list-items\">\n\t\t\t\t\t\t\t<li class=\"elementor-icon-list-item\">\n\t\t\t\t\t\t\t\t\t\t\t<span class=\"elementor-icon-list-icon\">\n\t\t\t\t\t\t\t<i aria-hidden=\"true\" class=\"fas fa-parking\"><\/i>\t\t\t\t\t\t<\/span>\n\t\t\t\t\t\t\t\t\t\t<span class=\"elementor-icon-list-text\">PARKEN: AUF DER STRASSE<\/span>\n\t\t\t\t\t\t\t\t\t<\/li>\n\t\t\t\t\t\t\t\t<li class=\"elementor-icon-list-item\">\n\t\t\t\t\t\t\t\t\t\t\t<span class=\"elementor-icon-list-icon\">\n\t\t\t\t\t\t\t<i aria-hidden=\"true\" class=\"fas fa-coffee\"><\/i>\t\t\t\t\t\t<\/span>\n\t\t\t\t\t\t\t\t\t\t<span class=\"elementor-icon-list-text\">RESTAURANTS: JA<\/span>\n\t\t\t\t\t\t\t\t\t<\/li>\n\t\t\t\t\t\t\t\t<li class=\"elementor-icon-list-item\">\n\t\t\t\t\t\t\t\t\t\t\t<span class=\"elementor-icon-list-icon\">\n\t\t\t\t\t\t\t<i aria-hidden=\"true\" class=\"fas fa-location-arrow\"><\/i>\t\t\t\t\t\t<\/span>\n\t\t\t\t\t\t\t\t\t\t<span class=\"elementor-icon-list-text\">ZUGANG: MITTEL<\/span>\n\t\t\t\t\t\t\t\t\t<\/li>\n\t\t\t\t\t\t\t\t<li class=\"elementor-icon-list-item\">\n\t\t\t\t\t\t\t\t\t\t\t<span class=\"elementor-icon-list-icon\">\n\t\t\t\t\t\t\t<i aria-hidden=\"true\" class=\"fas fa-people-arrows\"><\/i>\t\t\t\t\t\t<\/span>\n\t\t\t\t\t\t\t\t\t\t<span class=\"elementor-icon-list-text\">\u00dcBERF\u00dcLLT: MITTEL\/H\u00d6CHST<\/span>\n\t\t\t\t\t\t\t\t\t<\/li>\n\t\t\t\t\t\t<\/ul>\n\t\t\t\t\t\t<\/div>\n\t\t\t\t<\/div>\n\t\t\t\t<\/div>\n\t\t<div class=\"elementor-element elementor-element-4c94753 e-con-full e-flex wpr-particle-no wpr-jarallax-no wpr-parallax-no wpr-sticky-section-no wpr-equal-height-no e-con e-child\" data-id=\"4c94753\" data-element_type=\"container\" data-e-type=\"container\">\n\t\t\t\t<div class=\"elementor-element elementor-element-5d99671 elementor-widget elementor-widget-gallery\" data-id=\"5d99671\" data-element_type=\"widget\" data-e-type=\"widget\" data-settings=\"{&quot;columns&quot;:2,&quot;gap&quot;:{&quot;unit&quot;:&quot;px&quot;,&quot;size&quot;:1,&quot;sizes&quot;:[]},&quot;aspect_ratio&quot;:&quot;1:1&quot;,&quot;lazyload&quot;:&quot;yes&quot;,&quot;gallery_layout&quot;:&quot;grid&quot;,&quot;columns_tablet&quot;:2,&quot;columns_mobile&quot;:1,&quot;gap_tablet&quot;:{&quot;unit&quot;:&quot;px&quot;,&quot;size&quot;:10,&quot;sizes&quot;:[]},&quot;gap_mobile&quot;:{&quot;unit&quot;:&quot;px&quot;,&quot;size&quot;:10,&quot;sizes&quot;:[]},&quot;overlay_background&quot;:&quot;yes&quot;,&quot;content_hover_animation&quot;:&quot;fade-in&quot;}\" data-widget_type=\"gallery.default\">\n\t\t\t\t<div class=\"elementor-widget-container\">\n\t\t\t\t\t\t\t<div class=\"elementor-gallery__container\">\n\t\t\t\t\t\t\t<div class=\"e-gallery-item elementor-gallery-item elementor-animated-content\">\n\t\t\t\t\t<div class=\"e-gallery-image elementor-gallery-item__image\" data-thumbnail=\"https:\/\/discoversoller.com\/wp-content\/uploads\/2025\/03\/Illetas-beach-Mallorca-1.jpg\" data-width=\"1000\" data-height=\"750\" aria-label=\"Playa de Illetes in Mallorca, with crystal-clear waters, golden sand, and surrounded by lush Mediterranean vegetation\u2014perfect for a day of relaxation and tranquility.\" role=\"img\" ><\/div>\n\t\t\t\t\t\t\t\t\t\t\t<div class=\"elementor-gallery-item__overlay\"><\/div>\n\t\t\t\t\t\t\t\t\t\t\t\t\t\t<\/div>\n\t\t\t\t\t\t\t<div class=\"e-gallery-item elementor-gallery-item elementor-animated-content\">\n\t\t\t\t\t<div class=\"e-gallery-image elementor-gallery-item__image\" data-thumbnail=\"https:\/\/discoversoller.com\/wp-content\/uploads\/2025\/03\/Illetas.jpg\" data-width=\"1000\" data-height=\"1000\" aria-label=\"A scenic view of Playa de Illetes in Mallorca, featuring crystal-clear turquoise waters, soft white sand, and a serene coastal atmosphere.\" role=\"img\" ><\/div>\n\t\t\t\t\t\t\t\t\t\t\t<div class=\"elementor-gallery-item__overlay\"><\/div>\n\t\t\t\t\t\t\t\t\t\t\t\t\t\t<\/div>\n\t\t\t\t\t<\/div>\n\t\t\t\t\t<\/div>\n\t\t\t\t<\/div>\n\t\t\t\t<div class=\"elementor-element elementor-element-9dad611 elementor-widget elementor-widget-google_maps\" data-id=\"9dad611\" data-element_type=\"widget\" data-e-type=\"widget\" data-widget_type=\"google_maps.default\">\n\t\t\t\t<div class=\"elementor-widget-container\">\n\t\t\t\t\t\t\t<div class=\"elementor-custom-embed\">\n\t\t\t<iframe loading=\"lazy\"\n\t\t\t\t\tsrc=\"https:\/\/maps.google.com\/maps?q=illetas&#038;t=m&#038;z=13&#038;output=embed&#038;iwloc=near\"\n\t\t\t\t\ttitle=\"illetas\"\n\t\t\t\t\taria-label=\"illetas\"\n\t\t\t><\/iframe>\n\t\t<\/div>\n\t\t\t\t\t\t<\/div>\n\t\t\t\t<\/div>\n\t\t\t\t<\/div>\n\t\t\t\t\t<\/div>\n\t\t\t\t<\/div>\n\t\t<div class=\"elementor-element elementor-element-02f5da4 e-flex e-con-boxed wpr-particle-no wpr-jarallax-no wpr-parallax-no wpr-sticky-section-no wpr-equal-height-no e-con e-parent\" data-id=\"02f5da4\" data-element_type=\"container\" data-e-type=\"container\">\n\t\t\t\t\t<div class=\"e-con-inner\">\n\t\t\t\t<div class=\"elementor-element elementor-element-03520da elementor-widget elementor-widget-text-editor\" data-id=\"03520da\" data-element_type=\"widget\" data-e-type=\"widget\" data-widget_type=\"text-editor.default\">\n\t\t\t\t<div class=\"elementor-widget-container\">\n\t\t\t\t\t\t\t\t\t<h3 class=\"\" data-start=\"3026\" data-end=\"3071\"><strong data-start=\"3030\" data-end=\"3069\">Sind die Str\u00e4nde von Palma einen Besuch wert?<\/strong><\/h3><p class=\"\" data-start=\"3072\" data-end=\"3468\">Die Str\u00e4nde in Palma de Mallorca sind praktisch, aber sie sind nicht die abgelegensten oder unber\u00fchrtesten der Insel. Wenn Sie auf der Suche nach einem echten Inselparadies mit dramatischen Klippen und kristallklaren Buchten sind, sollten Sie vielleicht weiter nach <strong data-start=\"3322\" data-end=\"3361\">Cala Pi, Es Trenc oder Cala Mondrag\u00f3<\/strong> fahren. Wenn Sie jedoch schnell an den Strand wollen, ohne die Stadt zu verlassen, sind Palmas Str\u00e4nde eine gute Option.  <\/p><p class=\"\" data-start=\"3470\" data-end=\"3638\">Sind Sie auf der Suche nach den sch\u00f6nsten Sandstr\u00e4nden auf Mallorca? Schauen Sie sich unseren<a class=\"\" href=\"https:\/\/discoversoller.com\/de\/die-besten-sandstraende-auf-mallorca\/\" target=\"_blank\" rel=\"noopener\" data-start=\"727\" data-end=\"770\"> F\u00fchrer zu den besten Sandstr\u00e4nden der Insel an<\/a>. <\/p>\t\t\t\t\t\t\t\t<\/div>\n\t\t\t\t<\/div>\n\t\t\t\t\t<\/div>\n\t\t\t\t<\/div>\n\t\t\t\t<\/div>\n\t\t","protected":false},"excerpt":{"rendered":"<p>Die besten Str\u00e4nde in Palma de Mallorca Wo man sich sonnt und schwimmt Palma de Mallorca, die pulsierende Hauptstadt der Balearen, ist vor allem f\u00fcr ihre historische Altstadt, die lebhafte Atmosph\u00e4re und die atemberaubende Mittelmeerk\u00fcste bekannt. Die Stadt selbst ist zwar nicht daf\u00fcr bekannt, dass sie die abgelegensten Str\u00e4nde hat, aber sie bietet mehrere ausgezeichnete M\u00f6glichkeiten f\u00fcr diejenigen, die die Sonne genie\u00dfen m\u00f6chten, ohne zu weit zu gehen. Ob Sie nun einen belebten Strand mit Bars und Restaurants oder ein ruhigeres Pl\u00e4tzchen mit klarem Wasser bevorzugen, Palma hat f\u00fcr jeden etwas zu bieten. VERWENDEN SIE UNSERE CODES UND ERHALTEN SIE EINEN HOTELRABATT AUF MALLORCA HOTELS PR\u00dcFEN Nur 15 Gehminuten vom Stadtzentrum entfernt, ist Can Pere Antoni Palmas zug\u00e4nglichster Strand. Dieser 750 Meter lange, goldene Sandstrand bietet einen gro\u00dfartigen Blick auf La Seu, Palmas ber\u00fchmte Kathedrale. Auch wenn der Strand sehr belebt sein kann, ist er doch ein idealer Ort f\u00fcr ein kurzes Bad, vor allem, wenn man in der Stadt wohnt. Es gibt einen ausgewiesenen Schwimmbereich, und der nahe gelegene Anima Beach Club und verschiedene Restaurants am Strand sorgen f\u00fcr eine entspannte Atmosph\u00e4re. PARKEN: AUF DER STRASSE RESTAURANTS: JA ZUGANG: EINFACH \u00dcBERF\u00dcLLT: NO Cala Major, nur 10 Minuten westlich von Palma gelegen, ist ein kleiner, aber sch\u00f6ner Sandstrand mit t\u00fcrkisfarbenem Wasser. Obwohl er heute verlassen wirkt, war er bei Touristen und Einheimischen gleicherma\u00dfen beliebt, was bedeutet, dass er in der Hochsaison \u00fcberf\u00fcllt sein kann. Trotz seiner Beliebtheit ist er dank des ruhigen Wassers und der N\u00e4he zu Bars und Restaurants eine gute Wahl f\u00fcr einen Tag am Meer. Cala Major ist auch daf\u00fcr bekannt, dass es in der N\u00e4he der Fundaci\u00f3 Pilar i Joan Mir\u00f3 liegt, was es zu einem guten Zwischenstopp vor oder nach einem Strandbesuch macht. PARKEN: AUF DER STRASSE RESTAURANTS: JA ZUGANG: EINFACH \u00dcBERF\u00dcLLT: MITTEL Mit einer L\u00e4nge von fast 5 Kilometern ist die Playa de Palma einer der gr\u00f6\u00dften und meistbesuchten Str\u00e4nde in der N\u00e4he der Stadt. Er liegt etwa 10 km vom Stadtzentrum entfernt und ist bei Touristen sehr beliebt, insbesondere bei deutschen und britischen Besuchern. An diesem Strand gibt es zahlreiche Beachclubs, Bars und Restaurants, die f\u00fcr eine lebhafte Atmosph\u00e4re sorgen. Wenn Sie auf der Suche nach einem geselligen, partyfreundlichen Strand sind, ist die Playa de Palma der richtige Ort f\u00fcr Sie. Wenn Sie jedoch die Ruhe bevorzugen, sollten Sie den Strand am besten fr\u00fch morgens oder au\u00dferhalb der Sommersaison besuchen. PARKEN: AUF DER STRASSE RESTAURANTS: JA ZUGANG: EINFACH \u00dcBERF\u00dcLLT: MITTEL Obwohl Illetes technisch gesehen au\u00dferhalb Palmas liegt, ist es nur 15 Autominuten vom Stadtzentrum entfernt und ist einen Besuch wert. Diese kleine Bucht hat einige der klarsten Gew\u00e4sser in der N\u00e4he von Palma, und die umliegenden Klippen verleihen ihr einen besonderen Charme. W\u00e4hrend der Strand frei zug\u00e4nglich ist, entscheiden sich viele Besucher f\u00fcr ein exklusiveres Erlebnis im Balneario Illetas, einem schicken Strandclub mit Sonnenliegen, Cocktails und Gourmet-Essen. PARKEN: AUF DER STRASSE RESTAURANTS: JA ZUGANG: MITTEL \u00dcBERF\u00dcLLT: MITTEL\/H\u00d6CHST Sind die Str\u00e4nde von Palma einen Besuch wert? Die Str\u00e4nde in Palma de Mallorca sind praktisch, aber sie sind nicht die abgelegensten oder unber\u00fchrtesten der Insel. Wenn Sie auf der Suche nach einem echten Inselparadies mit dramatischen Klippen und kristallklaren Buchten sind, sollten Sie vielleicht weiter nach Cala Pi, Es Trenc oder Cala Mondrag\u00f3 fahren. Wenn Sie jedoch schnell an den Strand wollen, ohne die Stadt zu verlassen, sind Palmas Str\u00e4nde eine gute Option. Sind Sie auf der Suche nach den sch\u00f6nsten Sandstr\u00e4nden auf Mallorca? Schauen Sie sich unseren F\u00fchrer zu den besten Sandstr\u00e4nden der Insel an.<\/p>\n","protected":false},"author":1,"featured_media":10828,"comment_status":"closed","ping_status":"closed","sticky":false,"template":"elementor_header_footer","format":"standard","meta":{"_monsterinsights_skip_tracking":false,"_monsterinsights_sitenote_active":false,"_monsterinsights_sitenote_note":"","_monsterinsights_sitenote_category":0,"footnotes":""},"categories":[219],"tags":[],"class_list":["post-10888","post","type-post","status-publish","format-standard","has-post-thumbnail","hentry","category-reise"],"aioseo_notices":[],"_links":{"self":[{"href":"https:\/\/discoversoller.com\/de\/wp-json\/wp\/v2\/posts\/10888","targetHints":{"allow":["GET"]}}],"collection":[{"href":"https:\/\/discoversoller.com\/de\/wp-json\/wp\/v2\/posts"}],"about":[{"href":"https:\/\/discoversoller.com\/de\/wp-json\/wp\/v2\/types\/post"}],"author":[{"embeddable":true,"href":"https:\/\/discoversoller.com\/de\/wp-json\/wp\/v2\/users\/1"}],"replies":[{"embeddable":true,"href":"https:\/\/discoversoller.com\/de\/wp-json\/wp\/v2\/comments?post=10888"}],"version-history":[{"count":4,"href":"https:\/\/discoversoller.com\/de\/wp-json\/wp\/v2\/posts\/10888\/revisions"}],"predecessor-version":[{"id":14159,"href":"https:\/\/discoversoller.com\/de\/wp-json\/wp\/v2\/posts\/10888\/revisions\/14159"}],"wp:featuredmedia":[{"embeddable":true,"href":"https:\/\/discoversoller.com\/de\/wp-json\/wp\/v2\/media\/10828"}],"wp:attachment":[{"href":"https:\/\/discoversoller.com\/de\/wp-json\/wp\/v2\/media?parent=10888"}],"wp:term":[{"taxonomy":"category","embeddable":true,"href":"https:\/\/discoversoller.com\/de\/wp-json\/wp\/v2\/categories?post=10888"},{"taxonomy":"post_tag","embeddable":true,"href":"https:\/\/discoversoller.com\/de\/wp-json\/wp\/v2\/tags?post=10888"}],"curies":[{"name":"wp","href":"https:\/\/api.w.org\/{rel}","templated":true}]}}